
{"id":13584,"date":"2013-08-16T12:08:47","date_gmt":"2013-08-16T12:08:47","guid":{"rendered":"http:\/\/jornalbeirario.com.br\/portal\/portal\/?p=13584"},"modified":"2013-08-16T12:08:47","modified_gmt":"2013-08-16T12:08:47","slug":"social-lais-amaral-18","status":"publish","type":"post","link":"https:\/\/jornalbeirario.com.br\/portal\/?p=13584","title":{"rendered":"SOCIAL LA\u00cdS AMARAL"},"content":{"rendered":"<p style=\"text-align: justify;\">Minist\u00e9rio da Sa\u00fade adverte: \u00e1gua deixa voc\u00ea menos criativo<br \/>\nUma boa not\u00edcia para os cervejeiros: pesquisadores da Universidade de Illinois, Chicago, descobriram que homens que bebem cerveja ficam mais inteligentes. Para chegar a essa conclus\u00e3o, informou o Site do Daily News, os pesquisadores elaboraram um jogo de quebra-cabe\u00e7a com quarenta homens. Eles foram divididos em dois grupos: um tinha em m\u00e3os dois litros de cerveja e outro n\u00e3o. O resultado? O grupo que bebeu cerveja resolveu 40% mais problemas que o grupo \u201cs\u00f3brio\u201d. Al\u00e9m disso, aqueles que beberam resolveram os quebra-cabe\u00e7as em 12 segundos, enquanto os \u201cs\u00f3brios&#8221;, em 15,5 segundos. Segundo a psic\u00f3loga Jeniffer Wiley, o \u00e1lcool no sangue deixou o grupo menos produtivo com as tarefas de trabalho. J\u00e1 em tarefas criativas, como resolu\u00e7\u00e3o de problemas, ele teve um resultado superior. A Turma dos Brameiros vai rir \u00e0 toa com essa not\u00edcia. Est\u00e1 explicado a criatividade daquela turma.<\/p>\n<p>Uma nova ordem no ar?<br \/>\nFora os supostos problemas com o fisco, com uma d\u00edvida que chega a quase um bi de reais por conta de alegada sonega\u00e7\u00e3o de tributos e multas com os ganhos pela transmiss\u00e3o das Copas de 2002 e 2006, a Globo tamb\u00e9m come\u00e7a a sofrer um desgaste em sua audi\u00eancia, que estagnou no hor\u00e1rio nobre e tem seu carro-chefe do jornalismo, o Jornal Nacional perdendo um em cada tr\u00eas expectadores, segundo n\u00fameros do Ibope publicados no \u2018Ooooops\u2019 do Site da UOL nessa ter\u00e7a-feira. No ano 2000 a m\u00e9dia de audi\u00eancia do JN foi de 39,2 pontos. Em 2012 essa m\u00e9dia caiu para 28,2 pontos. O percentual de aparelhos ligados no JN mais alto de 2000 para c\u00e1 ocorreu em 2004 com 61,9% ligados no telejornal. A menor m\u00e9dia hist\u00f3rica est\u00e1 sendo registrada agora. At\u00e9 julho deste ano ela caiu para 26,3 pontos e o percentual de aparelhos ligados \u00e9 de 43,3%. Ainda \u00e9 o telejornal de maior audi\u00eancia, mas hoje se comunica com um ter\u00e7o a menos de expectadores que h\u00e1 pouco mais de dez anos. Como as novelas foram sempre o apelo que ancorava a audi\u00eancia aos telejornais a emissora voltou a investir pesado no g\u00eanero. Malha\u00e7\u00e3o virou Novela das Cinco. Depois vem a Novela das Seis, a Novela das Sete, a Novela das Oito e Meia e desenterraram o velho hor\u00e1rio da Novela das Dez, agora um pouco mais tarde. Mas hoje os Sites de jornalismo, os blogs e tudo que rola de informa\u00e7\u00e3o nas Redes Sociais vai erodindo a audi\u00eancia das TVs. Fora isso tem uma mordidinha da novela do SBT, da audi\u00eancia anti-Globo do Jornal da Record e por a\u00ed vai. Desse jeito o JN vai deixar de ser o principal programa eleitoral dos partidos conservadores, como vem sendo por d\u00e9cadas. Parece que tem coisa fora do eixo por a\u00ed.<\/p>\n<p>TRIPA<br \/>\n* Nesta, sexta, dia 16, o pessoal da Terceira Idade sacudir o esqueleto no Baile Flash Back, que ser\u00e1 realizado no clube da ARBR a partir das 19 horas. A anima\u00e7\u00e3o fica por conta da \u2018Banda Extase\u2019 e a entrada \u00e9 mediante as pulseirinhas mais cobi\u00e7adas dos \u00faltimos dias e que foram distribu\u00eddas pelos 23 polos de gin\u00e1stica da Terceira Idade Ativa que existem em Resende * Amanh\u00e3, dia 17, ser\u00e1 realizada a Confer\u00eancia Municipal de Meio Ambiente, no \u201cEspa\u00e7o Z\u201d, das 8h \u00e0s 18 horas. \u00c0s 10 horas a primeira palestra: \u2018Produ\u00e7\u00e3o e Consumo Sustent\u00e1veis\u2019 com George Valli Braile que \u00e9 gestor do Projeto Am\u00e1vel \u2013 Mata Atl\u00e2ntica Sustent\u00e1vel * No Parque do Para\u00edso acontece a partir das 14 horas o 2\u00ba Semin\u00e1rio de Pol\u00edticas para a Juventude. L\u00e1 ser\u00e3o discutidos projetos e programas voltados a pol\u00edticas para a juventude em Resende * Manel Neto \u00e9 a atra\u00e7\u00e3o da \u2018Rua da M\u00fasica\u2019 neste s\u00e1bado * Meus amigos Edison Louroza e Maria Helena depois do habitual giro pela Europa para rever filhos e netos, mergulharam nos preparativos para a Maratona Rio do que acontece neste domingo, dia 18. Maria Helena correu pela primeira vez a Meia Maratona do ano passado e gostou tanto que aderiu ao hobby do Louroza. Est\u00e3o programando fazer o percurso entre 2:05h e 2:h11. O pr\u00eamio que eles se dar\u00e3o \u00e9 um chopp gostos\u00e3o no Belmonte do Flamengo. Boa sorte ! * Claudionor Rosa abre dia 22, \u00e0s 9 horas, uma exposi\u00e7\u00e3o em homenagem a Juscelino Kubtschek, na Funda\u00e7\u00e3o Casa da Cultura. Ainda como parte das atividades em homenagem ao ex-presidente que morreu em acidente na Via Dutra, em Resende, no mesmo dia \u00e0s 19 horas ser\u00e1 celebrada uma missa na Igreja do Ros\u00e1rio. A exposi\u00e7\u00e3o fica aberta ao p\u00fablico at\u00e9 o dia 6 de setembro, das 9h \u00e0s 17h<\/p>\n<p>ANIVERS\u00c1RIOS<br \/>\nDia 12, ficou mais experiente o Lu\u00eds Santos, \u2018Luisinho\u2019. Na ter\u00e7a, dia 13, quem inaugurou idade nova foram a Ana Cec\u00edlia Guimar\u00e3es e o \u2018seu\u2019 Ot\u00e1cio Conservani. Nessa quinta, dia 15, mudou de idade um grupo esperto de amigos: Sydm\u00e9ia, Cl\u00e1udia Paiva Vilela, Tovar Capossoli, Hebert Felipe e Kleber Molina. Nesta sexta, dia 16, recebem os \u2018parab\u00e9ns\u2019 o Luiz Fidelix e a Liliam Marques. A manh\u00e3, dia 17, sopram velinhas a Fernanda Abreu e a Amanda Leal e no domingo, dia 18, outra turma boa aniversaria: Rute Diniz, Lucieni Barbosa, Valter Florenzano e Alex Louren\u00e7o, o \u2018Leco\u2019. Parab\u00e9ns e todas as felicidades do mundo a eles.<\/p>\n","protected":false},"excerpt":{"rendered":"<p>Minist\u00e9rio da Sa\u00fade adverte: \u00e1gua deixa voc\u00ea menos criativo Uma boa not\u00edcia para os cervejeiros: pesquisadores da Universidade de Illinois, Chicago, descobriram que homens<\/p>\n","protected":false},"author":1,"featured_media":0,"comment_status":"open","ping_status":"open","sticky":false,"template":"","format":"standard","meta":{"pmpro_default_level":"","footnotes":""},"categories":[13],"tags":[],"class_list":["post-13584","post","type-post","status-publish","format-standard","hentry","category-social","pmpro-has-access"],"yoast_head":"<!-- This site is optimized with the Yoast SEO plugin v27.4 - https:\/\/yoast.com\/product\/yoast-seo-wordpress\/ -->\n<title>SOCIAL LA\u00cdS AMARAL - JORNAL BEIRA RIO<\/title>\n<meta name=\"robots\" content=\"index, follow, max-snippet:-1, max-image-preview:large, max-video-preview:-1\" \/>\n<link rel=\"canonical\" href=\"https:\/\/jornalbeirario.com.br\/portal\/?p=13584\" \/>\n<meta property=\"og:locale\" content=\"pt_BR\" \/>\n<meta property=\"og:type\" content=\"article\" \/>\n<meta property=\"og:title\" content=\"SOCIAL LA\u00cdS AMARAL - JORNAL BEIRA RIO\" \/>\n<meta property=\"og:description\" content=\"Minist\u00e9rio da Sa\u00fade adverte: \u00e1gua deixa voc\u00ea menos criativo Uma boa not\u00edcia para os cervejeiros: pesquisadores da Universidade de Illinois, Chicago, descobriram que homens\" \/>\n<meta property=\"og:url\" content=\"https:\/\/jornalbeirario.com.br\/portal\/?p=13584\" \/>\n<meta property=\"og:site_name\" content=\"JORNAL BEIRA RIO\" \/>\n<meta property=\"article:published_time\" content=\"2013-08-16T12:08:47+00:00\" \/>\n<meta name=\"author\" content=\"Jornal BEIRA-RIO\" \/>\n<meta name=\"twitter:card\" content=\"summary_large_image\" \/>\n<meta name=\"twitter:label1\" content=\"Escrito por\" \/>\n\t<meta name=\"twitter:data1\" content=\"Jornal BEIRA-RIO\" \/>\n\t<meta name=\"twitter:label2\" content=\"Est. tempo de leitura\" \/>\n\t<meta name=\"twitter:data2\" content=\"4 minutos\" \/>\n<script type=\"application\/ld+json\" class=\"yoast-schema-graph\">{\"@context\":\"https:\\\/\\\/schema.org\",\"@graph\":[{\"@type\":\"Article\",\"@id\":\"https:\\\/\\\/jornalbeirario.com.br\\\/portal\\\/?p=13584#article\",\"isPartOf\":{\"@id\":\"https:\\\/\\\/jornalbeirario.com.br\\\/portal\\\/?p=13584\"},\"author\":{\"name\":\"Jornal BEIRA-RIO\",\"@id\":\"https:\\\/\\\/jornalbeirario.com.br\\\/portal\\\/#\\\/schema\\\/person\\\/c6c423e4c2465d2a9233f6539173e7c1\"},\"headline\":\"SOCIAL LA\u00cdS AMARAL\",\"datePublished\":\"2013-08-16T12:08:47+00:00\",\"mainEntityOfPage\":{\"@id\":\"https:\\\/\\\/jornalbeirario.com.br\\\/portal\\\/?p=13584\"},\"wordCount\":903,\"commentCount\":0,\"publisher\":{\"@id\":\"https:\\\/\\\/jornalbeirario.com.br\\\/portal\\\/#organization\"},\"articleSection\":[\"Social\"],\"inLanguage\":\"pt-BR\",\"potentialAction\":[{\"@type\":\"CommentAction\",\"name\":\"Comment\",\"target\":[\"https:\\\/\\\/jornalbeirario.com.br\\\/portal\\\/?p=13584#respond\"]}]},{\"@type\":\"WebPage\",\"@id\":\"https:\\\/\\\/jornalbeirario.com.br\\\/portal\\\/?p=13584\",\"url\":\"https:\\\/\\\/jornalbeirario.com.br\\\/portal\\\/?p=13584\",\"name\":\"SOCIAL LA\u00cdS AMARAL - JORNAL BEIRA RIO\",\"isPartOf\":{\"@id\":\"https:\\\/\\\/jornalbeirario.com.br\\\/portal\\\/#website\"},\"datePublished\":\"2013-08-16T12:08:47+00:00\",\"breadcrumb\":{\"@id\":\"https:\\\/\\\/jornalbeirario.com.br\\\/portal\\\/?p=13584#breadcrumb\"},\"inLanguage\":\"pt-BR\",\"potentialAction\":[{\"@type\":\"ReadAction\",\"target\":[\"https:\\\/\\\/jornalbeirario.com.br\\\/portal\\\/?p=13584\"]}]},{\"@type\":\"BreadcrumbList\",\"@id\":\"https:\\\/\\\/jornalbeirario.com.br\\\/portal\\\/?p=13584#breadcrumb\",\"itemListElement\":[{\"@type\":\"ListItem\",\"position\":1,\"name\":\"Home\",\"item\":\"https:\\\/\\\/jornalbeirario.com.br\\\/portal\"},{\"@type\":\"ListItem\",\"position\":2,\"name\":\"SOCIAL LA\u00cdS AMARAL\"}]},{\"@type\":\"WebSite\",\"@id\":\"https:\\\/\\\/jornalbeirario.com.br\\\/portal\\\/#website\",\"url\":\"https:\\\/\\\/jornalbeirario.com.br\\\/portal\\\/\",\"name\":\"JORNAL BEIRA RIO\",\"description\":\"\",\"publisher\":{\"@id\":\"https:\\\/\\\/jornalbeirario.com.br\\\/portal\\\/#organization\"},\"potentialAction\":[{\"@type\":\"SearchAction\",\"target\":{\"@type\":\"EntryPoint\",\"urlTemplate\":\"https:\\\/\\\/jornalbeirario.com.br\\\/portal\\\/?s={search_term_string}\"},\"query-input\":{\"@type\":\"PropertyValueSpecification\",\"valueRequired\":true,\"valueName\":\"search_term_string\"}}],\"inLanguage\":\"pt-BR\"},{\"@type\":\"Organization\",\"@id\":\"https:\\\/\\\/jornalbeirario.com.br\\\/portal\\\/#organization\",\"name\":\"JORNAL BEIRA RIO\",\"url\":\"https:\\\/\\\/jornalbeirario.com.br\\\/portal\\\/\",\"logo\":{\"@type\":\"ImageObject\",\"inLanguage\":\"pt-BR\",\"@id\":\"https:\\\/\\\/jornalbeirario.com.br\\\/portal\\\/#\\\/schema\\\/logo\\\/image\\\/\",\"url\":\"https:\\\/\\\/jornalbeirario.com.br\\\/portal\\\/wp-content\\\/uploads\\\/2017\\\/09\\\/BEIRA-RIO_logo600.png\",\"contentUrl\":\"https:\\\/\\\/jornalbeirario.com.br\\\/portal\\\/wp-content\\\/uploads\\\/2017\\\/09\\\/BEIRA-RIO_logo600.png\",\"width\":650,\"height\":108,\"caption\":\"JORNAL BEIRA RIO\"},\"image\":{\"@id\":\"https:\\\/\\\/jornalbeirario.com.br\\\/portal\\\/#\\\/schema\\\/logo\\\/image\\\/\"}},{\"@type\":\"Person\",\"@id\":\"https:\\\/\\\/jornalbeirario.com.br\\\/portal\\\/#\\\/schema\\\/person\\\/c6c423e4c2465d2a9233f6539173e7c1\",\"name\":\"Jornal BEIRA-RIO\",\"image\":{\"@type\":\"ImageObject\",\"inLanguage\":\"pt-BR\",\"@id\":\"https:\\\/\\\/jornalbeirario.com.br\\\/portal\\\/wp-content\\\/uploads\\\/2023\\\/10\\\/logojbr1.jpg\",\"url\":\"https:\\\/\\\/jornalbeirario.com.br\\\/portal\\\/wp-content\\\/uploads\\\/2023\\\/10\\\/logojbr1.jpg\",\"contentUrl\":\"https:\\\/\\\/jornalbeirario.com.br\\\/portal\\\/wp-content\\\/uploads\\\/2023\\\/10\\\/logojbr1.jpg\",\"caption\":\"Jornal BEIRA-RIO\"},\"url\":\"https:\\\/\\\/jornalbeirario.com.br\\\/portal\\\/?author=1\"}]}<\/script>\n<!-- \/ Yoast SEO plugin. -->","yoast_head_json":{"title":"SOCIAL LA\u00cdS AMARAL - JORNAL BEIRA RIO","robots":{"index":"index","follow":"follow","max-snippet":"max-snippet:-1","max-image-preview":"max-image-preview:large","max-video-preview":"max-video-preview:-1"},"canonical":"https:\/\/jornalbeirario.com.br\/portal\/?p=13584","og_locale":"pt_BR","og_type":"article","og_title":"SOCIAL LA\u00cdS AMARAL - JORNAL BEIRA RIO","og_description":"Minist\u00e9rio da Sa\u00fade adverte: \u00e1gua deixa voc\u00ea menos criativo Uma boa not\u00edcia para os cervejeiros: pesquisadores da Universidade de Illinois, Chicago, descobriram que homens","og_url":"https:\/\/jornalbeirario.com.br\/portal\/?p=13584","og_site_name":"JORNAL BEIRA RIO","article_published_time":"2013-08-16T12:08:47+00:00","author":"Jornal BEIRA-RIO","twitter_card":"summary_large_image","twitter_misc":{"Escrito por":"Jornal BEIRA-RIO","Est. tempo de leitura":"4 minutos"},"schema":{"@context":"https:\/\/schema.org","@graph":[{"@type":"Article","@id":"https:\/\/jornalbeirario.com.br\/portal\/?p=13584#article","isPartOf":{"@id":"https:\/\/jornalbeirario.com.br\/portal\/?p=13584"},"author":{"name":"Jornal BEIRA-RIO","@id":"https:\/\/jornalbeirario.com.br\/portal\/#\/schema\/person\/c6c423e4c2465d2a9233f6539173e7c1"},"headline":"SOCIAL LA\u00cdS AMARAL","datePublished":"2013-08-16T12:08:47+00:00","mainEntityOfPage":{"@id":"https:\/\/jornalbeirario.com.br\/portal\/?p=13584"},"wordCount":903,"commentCount":0,"publisher":{"@id":"https:\/\/jornalbeirario.com.br\/portal\/#organization"},"articleSection":["Social"],"inLanguage":"pt-BR","potentialAction":[{"@type":"CommentAction","name":"Comment","target":["https:\/\/jornalbeirario.com.br\/portal\/?p=13584#respond"]}]},{"@type":"WebPage","@id":"https:\/\/jornalbeirario.com.br\/portal\/?p=13584","url":"https:\/\/jornalbeirario.com.br\/portal\/?p=13584","name":"SOCIAL LA\u00cdS AMARAL - JORNAL BEIRA RIO","isPartOf":{"@id":"https:\/\/jornalbeirario.com.br\/portal\/#website"},"datePublished":"2013-08-16T12:08:47+00:00","breadcrumb":{"@id":"https:\/\/jornalbeirario.com.br\/portal\/?p=13584#breadcrumb"},"inLanguage":"pt-BR","potentialAction":[{"@type":"ReadAction","target":["https:\/\/jornalbeirario.com.br\/portal\/?p=13584"]}]},{"@type":"BreadcrumbList","@id":"https:\/\/jornalbeirario.com.br\/portal\/?p=13584#breadcrumb","itemListElement":[{"@type":"ListItem","position":1,"name":"Home","item":"https:\/\/jornalbeirario.com.br\/portal"},{"@type":"ListItem","position":2,"name":"SOCIAL LA\u00cdS AMARAL"}]},{"@type":"WebSite","@id":"https:\/\/jornalbeirario.com.br\/portal\/#website","url":"https:\/\/jornalbeirario.com.br\/portal\/","name":"JORNAL BEIRA RIO","description":"","publisher":{"@id":"https:\/\/jornalbeirario.com.br\/portal\/#organization"},"potentialAction":[{"@type":"SearchAction","target":{"@type":"EntryPoint","urlTemplate":"https:\/\/jornalbeirario.com.br\/portal\/?s={search_term_string}"},"query-input":{"@type":"PropertyValueSpecification","valueRequired":true,"valueName":"search_term_string"}}],"inLanguage":"pt-BR"},{"@type":"Organization","@id":"https:\/\/jornalbeirario.com.br\/portal\/#organization","name":"JORNAL BEIRA RIO","url":"https:\/\/jornalbeirario.com.br\/portal\/","logo":{"@type":"ImageObject","inLanguage":"pt-BR","@id":"https:\/\/jornalbeirario.com.br\/portal\/#\/schema\/logo\/image\/","url":"https:\/\/jornalbeirario.com.br\/portal\/wp-content\/uploads\/2017\/09\/BEIRA-RIO_logo600.png","contentUrl":"https:\/\/jornalbeirario.com.br\/portal\/wp-content\/uploads\/2017\/09\/BEIRA-RIO_logo600.png","width":650,"height":108,"caption":"JORNAL BEIRA RIO"},"image":{"@id":"https:\/\/jornalbeirario.com.br\/portal\/#\/schema\/logo\/image\/"}},{"@type":"Person","@id":"https:\/\/jornalbeirario.com.br\/portal\/#\/schema\/person\/c6c423e4c2465d2a9233f6539173e7c1","name":"Jornal BEIRA-RIO","image":{"@type":"ImageObject","inLanguage":"pt-BR","@id":"https:\/\/jornalbeirario.com.br\/portal\/wp-content\/uploads\/2023\/10\/logojbr1.jpg","url":"https:\/\/jornalbeirario.com.br\/portal\/wp-content\/uploads\/2023\/10\/logojbr1.jpg","contentUrl":"https:\/\/jornalbeirario.com.br\/portal\/wp-content\/uploads\/2023\/10\/logojbr1.jpg","caption":"Jornal BEIRA-RIO"},"url":"https:\/\/jornalbeirario.com.br\/portal\/?author=1"}]}},"_links":{"self":[{"href":"https:\/\/jornalbeirario.com.br\/portal\/index.php?rest_route=\/wp\/v2\/posts\/13584","targetHints":{"allow":["GET"]}}],"collection":[{"href":"https:\/\/jornalbeirario.com.br\/portal\/index.php?rest_route=\/wp\/v2\/posts"}],"about":[{"href":"https:\/\/jornalbeirario.com.br\/portal\/index.php?rest_route=\/wp\/v2\/types\/post"}],"author":[{"embeddable":true,"href":"https:\/\/jornalbeirario.com.br\/portal\/index.php?rest_route=\/wp\/v2\/users\/1"}],"replies":[{"embeddable":true,"href":"https:\/\/jornalbeirario.com.br\/portal\/index.php?rest_route=%2Fwp%2Fv2%2Fcomments&post=13584"}],"version-history":[{"count":2,"href":"https:\/\/jornalbeirario.com.br\/portal\/index.php?rest_route=\/wp\/v2\/posts\/13584\/revisions"}],"predecessor-version":[{"id":13586,"href":"https:\/\/jornalbeirario.com.br\/portal\/index.php?rest_route=\/wp\/v2\/posts\/13584\/revisions\/13586"}],"wp:attachment":[{"href":"https:\/\/jornalbeirario.com.br\/portal\/index.php?rest_route=%2Fwp%2Fv2%2Fmedia&parent=13584"}],"wp:term":[{"taxonomy":"category","embeddable":true,"href":"https:\/\/jornalbeirario.com.br\/portal\/index.php?rest_route=%2Fwp%2Fv2%2Fcategories&post=13584"},{"taxonomy":"post_tag","embeddable":true,"href":"https:\/\/jornalbeirario.com.br\/portal\/index.php?rest_route=%2Fwp%2Fv2%2Ftags&post=13584"}],"curies":[{"name":"wp","href":"https:\/\/api.w.org\/{rel}","templated":true}]}}