
{"id":13394,"date":"2013-08-09T20:00:23","date_gmt":"2013-08-09T20:00:23","guid":{"rendered":"http:\/\/jornalbeirario.com.br\/portal\/portal\/?p=13394"},"modified":"2013-08-09T20:00:23","modified_gmt":"2013-08-09T20:00:23","slug":"lais-amaral-22","status":"publish","type":"post","link":"https:\/\/jornalbeirario.com.br\/portal\/?p=13394","title":{"rendered":"La\u00eds Amaral"},"content":{"rendered":"<p style=\"text-align: justify;\"><strong>A mulher mais bonita de Resende voltou para est\u00e1 p\u00e1gina. Que bom!<\/strong><br \/>\nA personagem favorita de muitos dos meus poucos leitores est\u00e1 de volta depois um sumi\u00e7o de seis meses. A mulher mais bonita de Resende reapareceu na manh\u00e3 dessa ter\u00e7a-feira. E parece que resolveu fazer as pazes comigo. Cumprimentou-me com eleg\u00e2ncia e discri\u00e7\u00e3o a bordo do carro que dirigia. A padaria do Ricardo, no Jardim Jalisco, (uma amiga psic\u00f3loga me disse que eu tenho fixa\u00e7\u00e3o por padarias e que talvez fosse legal fazer an\u00e1lise). Como ia dizendo, a padaria do Ricardo, minha parada habitual a caminho do trabalho, tem mesas coladas \u00e0s janelas envidra\u00e7adas que me lembram bares e lanchonetes, tipo daqueles que aparecem em filmes americanos. Gosto de ficar nessas mesas e ver a vida ir se\u00a0 agitando nas manh\u00e3s. Estava eu no meu exerc\u00edcio rotineiro de olhar a vida alheia que passava pela janela quando senti uma for\u00e7a magn\u00e9tica puxando meus olhos para o carro cinza chumbo parado no sinal (farol para os leitores paulistas). O par de olhos emoldurados por \u00f3culos coerentes com a eleg\u00e2ncia de quem os usava, estava fixado nos meus olhos. Senti um imediato revolver de l\u00edquidos no interior. \u2018Coisa de qu\u00edmica\u2019, pensei. Um tipo de beleza, insuport\u00e1vel como a dela tem esse poder de mexer com nossos terremotos interiores. O instinto me levou a cumpriment\u00e1-la no que fui correspondido com um breve movimento dos olhos acompanhado de um \u201coi\u201d balbuciado em m\u00edmica f\u00e1cil de ler naqueles l\u00e1bios que certamente devem fazer a felicidade de algum protegido dos deuses. \u2018Ela n\u00e3o est\u00e1 mais de mal comigo\u2019 pensei enquanto o carro avan\u00e7ava, dobrava a direita e desaparecia. Ganhei o dia, a semana, o m\u00eas. Agora tamb\u00e9m tenho fixa\u00e7\u00e3o por aquela janela. O div\u00e3\u00a0 pode esperar.<\/p>\n<p style=\"text-align: justify;\"><a href=\"https:\/\/jornalbeirario.com.br\/portal\/wp-content\/uploads\/2013\/08\/Anelise.jpg\"><img loading=\"lazy\" decoding=\"async\" class=\"alignleft size-medium wp-image-13395\" title=\"Anelise\" src=\"https:\/\/jornalbeirario.com.br\/portal\/wp-content\/uploads\/2013\/08\/Anelise-300x225.jpg\" alt=\"\" width=\"300\" height=\"225\" srcset=\"https:\/\/jornalbeirario.com.br\/portal\/wp-content\/uploads\/2013\/08\/Anelise-300x225.jpg 300w, https:\/\/jornalbeirario.com.br\/portal\/wp-content\/uploads\/2013\/08\/Anelise.jpg 640w\" sizes=\"auto, (max-width: 300px) 100vw, 300px\" \/><\/a><strong>A joia do Birigui e da Elaine<\/strong><br \/>\nEssa gracinha \u00e9 a Annelise, filha do Birigui e da Elaine. Ela ser\u00e1 batizada na Igreja de Santa Cec\u00edlia, no pr\u00f3ximo dia 18. Essa fofur\u00edssima figurinha mexeu com a vida do Birigui que \u00e9 o pai mais bab\u00e3o que se tem not\u00edcia por aqui. E a menininha j\u00e1 est\u00e1 participando de um concurso de fotogenia.<\/p>\n<p><strong>TRIPA<\/strong><br \/>\n* O Festival de Teatro de Resende termina hoje com o espet\u00e1culo infantil \u2018Contos do Continente\u2019 (com Cia Sala Preta, de Barra Mansa) nas escolas Esther Politi, no Jardim Esperan\u00e7a e Francisco Quirino, em Mau\u00e1. Foram oito dias que agitaram a cidade mais uma vez, e mais um tento marcado pela Funda\u00e7\u00e3o Casa da Cultura Macedo Miranda. Valeu \u00c2ngelo!! Um abra\u00e7o tamb\u00e9m ao Alexandre Varela que mediou o papo sobre o teatro brasileiro s\u00e1bado passado no Espa\u00e7o \u2018Z\u2019 com a Clarice Niskier e Eduardo Wotzik * Que a M\u00edriam Leit\u00e3o n\u00e3o nos ou\u00e7a mas veja o que diz rede de comunica\u00e7\u00e3o alem\u00e3 Deutsche Welle: respons\u00e1vel pela produ\u00e7\u00e3o de 70% dos alimentos consumidos no Pa\u00eds, a agricultura familiar tem papel estrat\u00e9gico para o Brasil e conta com pol\u00edticas de incentivo desenvolvidas pelo Governo que s\u00e3o consideradas pela Organiza\u00e7\u00e3o das Na\u00e7\u00f5es Unidas (ONU) como \u201cum exemplo para o mundo\u201d. Nossa !! E some-se a isso a infla\u00e7\u00e3o zero iiii. Coitada da Leit\u00e3o, vai . ficar com aquelas olheiras ainda mais robustas * A Casa da Cultura j\u00e1 est\u00e1 inscrevendo os interessados em participar do 41\u00ba Sal\u00e3o da Primavera. M\u00e3os a obra mo\u00e7ada ! * Foi inaugurado na segunda-feira, mais um point em Campos El\u00edseos. Onde ficava \u2018Camisa 10\u2019. Bela casa. Parab\u00e9ns !! * S\u00e1bado tem Pagode do Alerta no Garfo e Faca. Boa !<\/p>\n<p><strong>ANIVERS\u00c1RIOS<\/strong><br \/>\nSegunda, dia 5, ficou mais experiente uma dupla bem legal: Francisco Non\u00f4 e K\u00e1tia Quirino. Na ter\u00e7a, dia 6, foi a vez da amiga Denise Maia receber os \u2018parab\u00e9ns\u2019. Na quarta, dia 7, foi a minha irm\u00e3 querida, a Rozana que tamb\u00e9m ficou mais experiente. Ontem, dia 8, o trio Silvana Herm\u00f3genes, o Henrique \u2018Fa\u00edsca\u2019 e o grande baterista Ney Cardoso inauguram idade nova. Nesta sexta, dia 9, o bailarino Cleverson Mariano e o radialista Uiara Ara\u00fajo mudam idade. Amanh\u00e3, dia 10, a Neuza dos Santos Colasso conta mais uma ano de vida e no domingo, dia 11, sopram velinhas as simp\u00e1ticas: Lidiane Reis, Luciana Carneiro, Jucimar Capilla e Ivanilda Brum. Parab\u00e9ns e todas as felicidades do mundo a eles.<\/p>\n","protected":false},"excerpt":{"rendered":"<p>A mulher mais bonita de Resende voltou para est\u00e1 p\u00e1gina. Que bom! A personagem favorita de muitos dos meus poucos leitores est\u00e1 de volta<\/p>\n","protected":false},"author":1,"featured_media":13395,"comment_status":"open","ping_status":"open","sticky":false,"template":"","format":"standard","meta":{"pmpro_default_level":"","footnotes":""},"categories":[13],"tags":[155],"class_list":["post-13394","post","type-post","status-publish","format-standard","has-post-thumbnail","hentry","category-social","tag-dehoraemhora","pmpro-has-access"],"yoast_head":"<!-- This site is optimized with the Yoast SEO plugin v27.4 - https:\/\/yoast.com\/product\/yoast-seo-wordpress\/ -->\n<title>La\u00eds Amaral - JORNAL BEIRA RIO<\/title>\n<meta name=\"robots\" content=\"index, follow, max-snippet:-1, max-image-preview:large, max-video-preview:-1\" \/>\n<link rel=\"canonical\" href=\"https:\/\/jornalbeirario.com.br\/portal\/?p=13394\" \/>\n<meta property=\"og:locale\" content=\"pt_BR\" \/>\n<meta property=\"og:type\" content=\"article\" \/>\n<meta property=\"og:title\" content=\"La\u00eds Amaral - JORNAL BEIRA RIO\" \/>\n<meta property=\"og:description\" content=\"A mulher mais bonita de Resende voltou para est\u00e1 p\u00e1gina. Que bom! A personagem favorita de muitos dos meus poucos leitores est\u00e1 de volta\" \/>\n<meta property=\"og:url\" content=\"https:\/\/jornalbeirario.com.br\/portal\/?p=13394\" \/>\n<meta property=\"og:site_name\" content=\"JORNAL BEIRA RIO\" \/>\n<meta property=\"article:published_time\" content=\"2013-08-09T20:00:23+00:00\" \/>\n<meta property=\"og:image\" content=\"https:\/\/jornalbeirario.com.br\/portal\/wp-content\/uploads\/2013\/08\/Anelise.jpg\" \/>\n\t<meta property=\"og:image:width\" content=\"640\" \/>\n\t<meta property=\"og:image:height\" content=\"480\" \/>\n\t<meta property=\"og:image:type\" content=\"image\/jpeg\" \/>\n<meta name=\"author\" content=\"Jornal BEIRA-RIO\" \/>\n<meta name=\"twitter:card\" content=\"summary_large_image\" \/>\n<meta name=\"twitter:label1\" content=\"Escrito por\" \/>\n\t<meta name=\"twitter:data1\" content=\"Jornal BEIRA-RIO\" \/>\n\t<meta name=\"twitter:label2\" content=\"Est. tempo de leitura\" \/>\n\t<meta name=\"twitter:data2\" content=\"4 minutos\" \/>\n<script type=\"application\/ld+json\" class=\"yoast-schema-graph\">{\"@context\":\"https:\\\/\\\/schema.org\",\"@graph\":[{\"@type\":\"Article\",\"@id\":\"https:\\\/\\\/jornalbeirario.com.br\\\/portal\\\/?p=13394#article\",\"isPartOf\":{\"@id\":\"https:\\\/\\\/jornalbeirario.com.br\\\/portal\\\/?p=13394\"},\"author\":{\"name\":\"Jornal BEIRA-RIO\",\"@id\":\"https:\\\/\\\/jornalbeirario.com.br\\\/portal\\\/#\\\/schema\\\/person\\\/c6c423e4c2465d2a9233f6539173e7c1\"},\"headline\":\"La\u00eds Amaral\",\"datePublished\":\"2013-08-09T20:00:23+00:00\",\"mainEntityOfPage\":{\"@id\":\"https:\\\/\\\/jornalbeirario.com.br\\\/portal\\\/?p=13394\"},\"wordCount\":746,\"commentCount\":0,\"publisher\":{\"@id\":\"https:\\\/\\\/jornalbeirario.com.br\\\/portal\\\/#organization\"},\"image\":{\"@id\":\"https:\\\/\\\/jornalbeirario.com.br\\\/portal\\\/?p=13394#primaryimage\"},\"thumbnailUrl\":\"https:\\\/\\\/jornalbeirario.com.br\\\/portal\\\/wp-content\\\/uploads\\\/2013\\\/08\\\/Anelise.jpg\",\"keywords\":[\"dehoraemhora\"],\"articleSection\":[\"Social\"],\"inLanguage\":\"pt-BR\",\"potentialAction\":[{\"@type\":\"CommentAction\",\"name\":\"Comment\",\"target\":[\"https:\\\/\\\/jornalbeirario.com.br\\\/portal\\\/?p=13394#respond\"]}]},{\"@type\":\"WebPage\",\"@id\":\"https:\\\/\\\/jornalbeirario.com.br\\\/portal\\\/?p=13394\",\"url\":\"https:\\\/\\\/jornalbeirario.com.br\\\/portal\\\/?p=13394\",\"name\":\"La\u00eds Amaral - JORNAL BEIRA RIO\",\"isPartOf\":{\"@id\":\"https:\\\/\\\/jornalbeirario.com.br\\\/portal\\\/#website\"},\"primaryImageOfPage\":{\"@id\":\"https:\\\/\\\/jornalbeirario.com.br\\\/portal\\\/?p=13394#primaryimage\"},\"image\":{\"@id\":\"https:\\\/\\\/jornalbeirario.com.br\\\/portal\\\/?p=13394#primaryimage\"},\"thumbnailUrl\":\"https:\\\/\\\/jornalbeirario.com.br\\\/portal\\\/wp-content\\\/uploads\\\/2013\\\/08\\\/Anelise.jpg\",\"datePublished\":\"2013-08-09T20:00:23+00:00\",\"breadcrumb\":{\"@id\":\"https:\\\/\\\/jornalbeirario.com.br\\\/portal\\\/?p=13394#breadcrumb\"},\"inLanguage\":\"pt-BR\",\"potentialAction\":[{\"@type\":\"ReadAction\",\"target\":[\"https:\\\/\\\/jornalbeirario.com.br\\\/portal\\\/?p=13394\"]}]},{\"@type\":\"ImageObject\",\"inLanguage\":\"pt-BR\",\"@id\":\"https:\\\/\\\/jornalbeirario.com.br\\\/portal\\\/?p=13394#primaryimage\",\"url\":\"https:\\\/\\\/jornalbeirario.com.br\\\/portal\\\/wp-content\\\/uploads\\\/2013\\\/08\\\/Anelise.jpg\",\"contentUrl\":\"https:\\\/\\\/jornalbeirario.com.br\\\/portal\\\/wp-content\\\/uploads\\\/2013\\\/08\\\/Anelise.jpg\",\"width\":\"640\",\"height\":\"480\"},{\"@type\":\"BreadcrumbList\",\"@id\":\"https:\\\/\\\/jornalbeirario.com.br\\\/portal\\\/?p=13394#breadcrumb\",\"itemListElement\":[{\"@type\":\"ListItem\",\"position\":1,\"name\":\"Home\",\"item\":\"https:\\\/\\\/jornalbeirario.com.br\\\/portal\"},{\"@type\":\"ListItem\",\"position\":2,\"name\":\"La\u00eds Amaral\"}]},{\"@type\":\"WebSite\",\"@id\":\"https:\\\/\\\/jornalbeirario.com.br\\\/portal\\\/#website\",\"url\":\"https:\\\/\\\/jornalbeirario.com.br\\\/portal\\\/\",\"name\":\"JORNAL BEIRA RIO\",\"description\":\"\",\"publisher\":{\"@id\":\"https:\\\/\\\/jornalbeirario.com.br\\\/portal\\\/#organization\"},\"potentialAction\":[{\"@type\":\"SearchAction\",\"target\":{\"@type\":\"EntryPoint\",\"urlTemplate\":\"https:\\\/\\\/jornalbeirario.com.br\\\/portal\\\/?s={search_term_string}\"},\"query-input\":{\"@type\":\"PropertyValueSpecification\",\"valueRequired\":true,\"valueName\":\"search_term_string\"}}],\"inLanguage\":\"pt-BR\"},{\"@type\":\"Organization\",\"@id\":\"https:\\\/\\\/jornalbeirario.com.br\\\/portal\\\/#organization\",\"name\":\"JORNAL BEIRA RIO\",\"url\":\"https:\\\/\\\/jornalbeirario.com.br\\\/portal\\\/\",\"logo\":{\"@type\":\"ImageObject\",\"inLanguage\":\"pt-BR\",\"@id\":\"https:\\\/\\\/jornalbeirario.com.br\\\/portal\\\/#\\\/schema\\\/logo\\\/image\\\/\",\"url\":\"https:\\\/\\\/jornalbeirario.com.br\\\/portal\\\/wp-content\\\/uploads\\\/2017\\\/09\\\/BEIRA-RIO_logo600.png\",\"contentUrl\":\"https:\\\/\\\/jornalbeirario.com.br\\\/portal\\\/wp-content\\\/uploads\\\/2017\\\/09\\\/BEIRA-RIO_logo600.png\",\"width\":650,\"height\":108,\"caption\":\"JORNAL BEIRA RIO\"},\"image\":{\"@id\":\"https:\\\/\\\/jornalbeirario.com.br\\\/portal\\\/#\\\/schema\\\/logo\\\/image\\\/\"}},{\"@type\":\"Person\",\"@id\":\"https:\\\/\\\/jornalbeirario.com.br\\\/portal\\\/#\\\/schema\\\/person\\\/c6c423e4c2465d2a9233f6539173e7c1\",\"name\":\"Jornal BEIRA-RIO\",\"image\":{\"@type\":\"ImageObject\",\"inLanguage\":\"pt-BR\",\"@id\":\"https:\\\/\\\/jornalbeirario.com.br\\\/portal\\\/wp-content\\\/uploads\\\/2023\\\/10\\\/logojbr1.jpg\",\"url\":\"https:\\\/\\\/jornalbeirario.com.br\\\/portal\\\/wp-content\\\/uploads\\\/2023\\\/10\\\/logojbr1.jpg\",\"contentUrl\":\"https:\\\/\\\/jornalbeirario.com.br\\\/portal\\\/wp-content\\\/uploads\\\/2023\\\/10\\\/logojbr1.jpg\",\"caption\":\"Jornal BEIRA-RIO\"},\"url\":\"https:\\\/\\\/jornalbeirario.com.br\\\/portal\\\/?author=1\"}]}<\/script>\n<!-- \/ Yoast SEO plugin. -->","yoast_head_json":{"title":"La\u00eds Amaral - JORNAL BEIRA RIO","robots":{"index":"index","follow":"follow","max-snippet":"max-snippet:-1","max-image-preview":"max-image-preview:large","max-video-preview":"max-video-preview:-1"},"canonical":"https:\/\/jornalbeirario.com.br\/portal\/?p=13394","og_locale":"pt_BR","og_type":"article","og_title":"La\u00eds Amaral - JORNAL BEIRA RIO","og_description":"A mulher mais bonita de Resende voltou para est\u00e1 p\u00e1gina. Que bom! A personagem favorita de muitos dos meus poucos leitores est\u00e1 de volta","og_url":"https:\/\/jornalbeirario.com.br\/portal\/?p=13394","og_site_name":"JORNAL BEIRA RIO","article_published_time":"2013-08-09T20:00:23+00:00","og_image":[{"width":640,"height":480,"url":"https:\/\/jornalbeirario.com.br\/portal\/wp-content\/uploads\/2013\/08\/Anelise.jpg","type":"image\/jpeg"}],"author":"Jornal BEIRA-RIO","twitter_card":"summary_large_image","twitter_misc":{"Escrito por":"Jornal BEIRA-RIO","Est. tempo de leitura":"4 minutos"},"schema":{"@context":"https:\/\/schema.org","@graph":[{"@type":"Article","@id":"https:\/\/jornalbeirario.com.br\/portal\/?p=13394#article","isPartOf":{"@id":"https:\/\/jornalbeirario.com.br\/portal\/?p=13394"},"author":{"name":"Jornal BEIRA-RIO","@id":"https:\/\/jornalbeirario.com.br\/portal\/#\/schema\/person\/c6c423e4c2465d2a9233f6539173e7c1"},"headline":"La\u00eds Amaral","datePublished":"2013-08-09T20:00:23+00:00","mainEntityOfPage":{"@id":"https:\/\/jornalbeirario.com.br\/portal\/?p=13394"},"wordCount":746,"commentCount":0,"publisher":{"@id":"https:\/\/jornalbeirario.com.br\/portal\/#organization"},"image":{"@id":"https:\/\/jornalbeirario.com.br\/portal\/?p=13394#primaryimage"},"thumbnailUrl":"https:\/\/jornalbeirario.com.br\/portal\/wp-content\/uploads\/2013\/08\/Anelise.jpg","keywords":["dehoraemhora"],"articleSection":["Social"],"inLanguage":"pt-BR","potentialAction":[{"@type":"CommentAction","name":"Comment","target":["https:\/\/jornalbeirario.com.br\/portal\/?p=13394#respond"]}]},{"@type":"WebPage","@id":"https:\/\/jornalbeirario.com.br\/portal\/?p=13394","url":"https:\/\/jornalbeirario.com.br\/portal\/?p=13394","name":"La\u00eds Amaral - JORNAL BEIRA RIO","isPartOf":{"@id":"https:\/\/jornalbeirario.com.br\/portal\/#website"},"primaryImageOfPage":{"@id":"https:\/\/jornalbeirario.com.br\/portal\/?p=13394#primaryimage"},"image":{"@id":"https:\/\/jornalbeirario.com.br\/portal\/?p=13394#primaryimage"},"thumbnailUrl":"https:\/\/jornalbeirario.com.br\/portal\/wp-content\/uploads\/2013\/08\/Anelise.jpg","datePublished":"2013-08-09T20:00:23+00:00","breadcrumb":{"@id":"https:\/\/jornalbeirario.com.br\/portal\/?p=13394#breadcrumb"},"inLanguage":"pt-BR","potentialAction":[{"@type":"ReadAction","target":["https:\/\/jornalbeirario.com.br\/portal\/?p=13394"]}]},{"@type":"ImageObject","inLanguage":"pt-BR","@id":"https:\/\/jornalbeirario.com.br\/portal\/?p=13394#primaryimage","url":"https:\/\/jornalbeirario.com.br\/portal\/wp-content\/uploads\/2013\/08\/Anelise.jpg","contentUrl":"https:\/\/jornalbeirario.com.br\/portal\/wp-content\/uploads\/2013\/08\/Anelise.jpg","width":"640","height":"480"},{"@type":"BreadcrumbList","@id":"https:\/\/jornalbeirario.com.br\/portal\/?p=13394#breadcrumb","itemListElement":[{"@type":"ListItem","position":1,"name":"Home","item":"https:\/\/jornalbeirario.com.br\/portal"},{"@type":"ListItem","position":2,"name":"La\u00eds Amaral"}]},{"@type":"WebSite","@id":"https:\/\/jornalbeirario.com.br\/portal\/#website","url":"https:\/\/jornalbeirario.com.br\/portal\/","name":"JORNAL BEIRA RIO","description":"","publisher":{"@id":"https:\/\/jornalbeirario.com.br\/portal\/#organization"},"potentialAction":[{"@type":"SearchAction","target":{"@type":"EntryPoint","urlTemplate":"https:\/\/jornalbeirario.com.br\/portal\/?s={search_term_string}"},"query-input":{"@type":"PropertyValueSpecification","valueRequired":true,"valueName":"search_term_string"}}],"inLanguage":"pt-BR"},{"@type":"Organization","@id":"https:\/\/jornalbeirario.com.br\/portal\/#organization","name":"JORNAL BEIRA RIO","url":"https:\/\/jornalbeirario.com.br\/portal\/","logo":{"@type":"ImageObject","inLanguage":"pt-BR","@id":"https:\/\/jornalbeirario.com.br\/portal\/#\/schema\/logo\/image\/","url":"https:\/\/jornalbeirario.com.br\/portal\/wp-content\/uploads\/2017\/09\/BEIRA-RIO_logo600.png","contentUrl":"https:\/\/jornalbeirario.com.br\/portal\/wp-content\/uploads\/2017\/09\/BEIRA-RIO_logo600.png","width":650,"height":108,"caption":"JORNAL BEIRA RIO"},"image":{"@id":"https:\/\/jornalbeirario.com.br\/portal\/#\/schema\/logo\/image\/"}},{"@type":"Person","@id":"https:\/\/jornalbeirario.com.br\/portal\/#\/schema\/person\/c6c423e4c2465d2a9233f6539173e7c1","name":"Jornal BEIRA-RIO","image":{"@type":"ImageObject","inLanguage":"pt-BR","@id":"https:\/\/jornalbeirario.com.br\/portal\/wp-content\/uploads\/2023\/10\/logojbr1.jpg","url":"https:\/\/jornalbeirario.com.br\/portal\/wp-content\/uploads\/2023\/10\/logojbr1.jpg","contentUrl":"https:\/\/jornalbeirario.com.br\/portal\/wp-content\/uploads\/2023\/10\/logojbr1.jpg","caption":"Jornal BEIRA-RIO"},"url":"https:\/\/jornalbeirario.com.br\/portal\/?author=1"}]}},"_links":{"self":[{"href":"https:\/\/jornalbeirario.com.br\/portal\/index.php?rest_route=\/wp\/v2\/posts\/13394","targetHints":{"allow":["GET"]}}],"collection":[{"href":"https:\/\/jornalbeirario.com.br\/portal\/index.php?rest_route=\/wp\/v2\/posts"}],"about":[{"href":"https:\/\/jornalbeirario.com.br\/portal\/index.php?rest_route=\/wp\/v2\/types\/post"}],"author":[{"embeddable":true,"href":"https:\/\/jornalbeirario.com.br\/portal\/index.php?rest_route=\/wp\/v2\/users\/1"}],"replies":[{"embeddable":true,"href":"https:\/\/jornalbeirario.com.br\/portal\/index.php?rest_route=%2Fwp%2Fv2%2Fcomments&post=13394"}],"version-history":[{"count":1,"href":"https:\/\/jornalbeirario.com.br\/portal\/index.php?rest_route=\/wp\/v2\/posts\/13394\/revisions"}],"predecessor-version":[{"id":13396,"href":"https:\/\/jornalbeirario.com.br\/portal\/index.php?rest_route=\/wp\/v2\/posts\/13394\/revisions\/13396"}],"wp:featuredmedia":[{"embeddable":true,"href":"https:\/\/jornalbeirario.com.br\/portal\/index.php?rest_route=\/wp\/v2\/media\/13395"}],"wp:attachment":[{"href":"https:\/\/jornalbeirario.com.br\/portal\/index.php?rest_route=%2Fwp%2Fv2%2Fmedia&parent=13394"}],"wp:term":[{"taxonomy":"category","embeddable":true,"href":"https:\/\/jornalbeirario.com.br\/portal\/index.php?rest_route=%2Fwp%2Fv2%2Fcategories&post=13394"},{"taxonomy":"post_tag","embeddable":true,"href":"https:\/\/jornalbeirario.com.br\/portal\/index.php?rest_route=%2Fwp%2Fv2%2Ftags&post=13394"}],"curies":[{"name":"wp","href":"https:\/\/api.w.org\/{rel}","templated":true}]}}