
{"id":12778,"date":"2013-07-26T13:40:17","date_gmt":"2013-07-26T13:40:17","guid":{"rendered":"http:\/\/jornalbeirario.com.br\/portal\/portal\/?p=12778"},"modified":"2013-07-26T14:25:32","modified_gmt":"2013-07-26T14:25:32","slug":"lais-amaral-21","status":"publish","type":"post","link":"https:\/\/jornalbeirario.com.br\/portal\/?p=12778","title":{"rendered":"La\u00eds Amaral"},"content":{"rendered":"<p style=\"text-align: justify;\"><strong>O que as \u2018ruas\u2019 tamb\u00e9m deixaram (1)<\/strong><br \/>\nMuito j\u00e1 se falou das recentes manifesta\u00e7\u00f5es. Gente querendo entender ou traduzir as ruas. Na esteira da art\u00e9ria por onde vazou todo o agito, as redes sociais, tamb\u00e9m me atrevo a bedelhar. A turma disse que \u2018acordou\u2019, deixou de cochilar no facebook e foi para as avenidas. Centro minha observa\u00e7\u00e3o sobre duas faces dessa moeda, extremos opostos em signos, cora\u00e7\u00f5es e mentes: Hitlernautas\/M\u00eddia Ninja. Ficou claro que pintou um oportunismo de setores da Oposi\u00e7\u00e3o e da Direita, que pegaram carona no movimento da garotada \u2013 ali\u00e1s, manifesta\u00e7\u00e3o legitima em qualquer pa\u00eds democr\u00e1tico. Oposi\u00e7\u00e3o e Direita foram l\u00e1 fazer pol\u00edtica rasteira com fins meramente eleitorais e tentar criar um clima prop\u00edcio a a\u00e7\u00f5es golpistas. Os primeiros, v\u00e1 l\u00e1, estavam fazendo seu papel de oposi\u00e7\u00e3o sem discurso, apostando no desgaste da Presidente Dilma e de alguns governadores. \u00c9 compreens\u00edvel. Os outros, golpistas de Direita, os Hitlernautas j\u00e1 praticavam nas \u2018Redes\u2019 sua paranoia de intoler\u00e2ncia atacando gays, negros, nordestinos, l\u00e9sbicas, de forma mais intensa desde a vit\u00f3ria de Dilma. Nas ruas os Hitlernautas, como diz Santayana, podem ser reconhecidos facilmente, s\u00e3o os \u2018carecas\u2019, os mascarados, os que levam coquet\u00e9is molotov para as passeatas, saqueiam lojas, queimam bandeiras de partidos pol\u00edticos, etc. No dia 10 de julho os hitlernautas sa\u00edram \u00e0s ruas, sozinhos, pela primeira vez. Segundo o portal Terra, fecharam a rua Pamplona, em S\u00e3o Paulo com a Marcha das Fam\u00edlias contra o Comunismo. Marcha convocada nas \u00faltimas duas semanas pela internet. Um fiasco de p\u00fablico. S\u00e3o rid\u00edculos e retr\u00f3grados.<\/p>\n<p style=\"text-align: justify;\"><strong>O que as \u2018ruas\u2019 tamb\u00e9m deixaram (2)<\/strong><br \/>\nO lado positivo dessa moeda, foi a bem-vinda M\u00eddia Ninja. Esse pessoal acompanha as manifesta\u00e7\u00f5es transmitindo ao vivo por meio de celulares com conex\u00e3o 3G. Um atropelo na mastod\u00f4ntica e comprometida Velha M\u00eddia Empresarial. \u00c9 jornalismo na veia. Essa semana no Rio, denunciaram o que pode ser um tremendo bode: os infiltrados provocadores poderiam ser membros das pr\u00f3prias for\u00e7as de seguran\u00e7a do Estado. Confira nos links: Foto: on.fb.me\/13HmvMI &#8211; Mostra que os supostos policiais infiltrados usam pulseiras pretas para serem identificados pelos policiais fardados; V\u00eddeo1 (bit.ly\/13AoIt8) &#8211; Os dois &#8220;manifestantes&#8221; pegam de uma mochila preta os coqueteis molotov, acendem e jogam. Um deles usa (A) usa uma camiseta regata preta e outro (B) usa uma camiseta preta com estampa. V\u00eddeo2 (bit.ly\/1bKDouE) &#8211; Dois supostos infiltrados conseguem romper o cord\u00e3o de isolamento. Os policiais no in\u00edcio tentam impedir, mas o policial de mochila preta e camiseta preta com estampa (B) mostra que est\u00e1 usando a pulseira preta no pulso. O policial com regata preta (agora em volta do pesco\u00e7o) (A) chega a tirar sua carteira do bolso para mostrar; V\u00eddeo 3 (bit.ly\/18yNGKC) &#8211; (A) e (B) furam o bloqueio policial e (B) tira a camiseta para evitar ser reconhecido por manifestantes que o viram tacando o coquetel molotov.<\/p>\n<p style=\"text-align: justify;\"><strong>TRIPA<\/strong><br \/>\n* O Festival Vale do Caf\u00e9, um dos eventos culturais mais charmosos do centro sul do nosso estado est\u00e1 chegando finalmente a Resende com mais for\u00e7a. Ano passado apenas um evento, esse ano um punhado de bons momentos. Quem assistiu Jo\u00e3o Bosco e a Orquestra Sinf\u00f4nica de Barra Mansa no Teatr\u00e3o da Aman s\u00f3 tinha elogios. E muitos se confessaram emocionados com o que viram e ouviram. Nessa quarta, fui \u00e0 Igrejinha do Ros\u00e1rio assistir ao \u2018Coral do Visconde\u2019. O \u00faltimo evento do festival esse ano em nosso munic\u00edpio. Apesar da chuva e do frio glacial, um bom publico compareceu ao local para se deleitar com aqueles artistas que desceram de Visconde de Mau\u00e1 para nos brindar com 50 minutos de muita beleza, harmonia, sensibilidade. Lindo. Eu j\u00e1 conhecia o Coral do Visconde mas foi a primeira vez que assisti a uma apresenta\u00e7\u00e3o desse tamanho. A regente \u00e9 minha amiga querida, M\u00e1rcia Patroc\u00ednio, uma pessoa admir\u00e1vel e de um comprometimento impar. O Coral que ano passado excursionou por pa\u00edses do Continente, est\u00e1 h\u00e1 dez anos na estrada derramando encantos por onde passa. Quem n\u00e3o conhece ou tem algum tipo de diferen\u00e7a com corais, aconselho a n\u00e3o perder a uma pr\u00f3xima apresenta\u00e7\u00e3o desse simpatic\u00edssimo Coral do Visconde. Essa gente da montanha \u00e9 diferente * S\u00e1bado, dia 27, Gustavo Reeve e Fabiana Santos, se casam na Igreja da Matriz de Nossa Senhora da Concei\u00e7\u00e3o, na Pra\u00e7a Oliveira Botelho * Uma exposi\u00e7\u00e3o de fotografias vai mostrar \u201cResende de Pontes, Rios e Sonhos\u201d de 30 de julho a 16 de agosto. A mostra organizada pelo Arquivo Hist\u00f3rico ser\u00e1 realizada na Funda\u00e7\u00e3o Casa da Cultura * Dia 1\u00ba de agosto come\u00e7a o tradicional Festival de Teatro de Resende. Abertura (Dias 1 e 2); palestras (dia 3); espet\u00e1culos de 4 a 8. Infantis (Col\u00e9gio Salesiano) e adultos na Aman. De 5 a 9, festival nas escolas.<\/p>\n<p style=\"text-align: justify;\"><strong>ANIVERS\u00c1RIOS<\/strong><br \/>\nNa segunda-feira, dia 22, ficaram mais experientes a minha amiga Sonia Nogueira e o Max Verri, o Elvis de Quatis. Na ter\u00e7a, dia 23, sopraram velinhas a Marl\u00facia Ribeiro e a Cintia Rangel. Na quarta, dia 24, inauguraram idade nova os amigos Daniel Fortes, Wagner Camilo, Compadre Manoel e Marcelino da Imobili\u00e1ria, o \u201cMarcelindo\u201d. Ontem, dia 25, a vez da Ana Paula e Alex Govinda mudarem de idade. Hoje, dia 26, a Ana Clara e a Sueli Regina, a Lica, recebem os \u2018parab\u00e9ns\u2019. Amanh\u00e3, dia 27, os amigos Fred Kanashiro, Jos\u00e9 Luiz Braga e Markus Sim\u00e3o contam mais um ano de vida e no domingo, dia 28, aniversaria o m\u00fasico J\u00falio Portes e o vereador Pedro Paulo Florenzano. Parab\u00e9ns e todas as felicidades do mundo a eles.<\/p>\n","protected":false},"excerpt":{"rendered":"<p>O que as \u2018ruas\u2019 tamb\u00e9m deixaram (1) Muito j\u00e1 se falou das recentes manifesta\u00e7\u00f5es. Gente querendo entender ou traduzir as ruas. Na esteira da<\/p>\n","protected":false},"author":1,"featured_media":0,"comment_status":"open","ping_status":"open","sticky":false,"template":"","format":"standard","meta":{"pmpro_default_level":"","footnotes":""},"categories":[13],"tags":[],"class_list":["post-12778","post","type-post","status-publish","format-standard","hentry","category-social","pmpro-has-access"],"yoast_head":"<!-- This site is optimized with the Yoast SEO plugin v27.4 - https:\/\/yoast.com\/product\/yoast-seo-wordpress\/ -->\n<title>La\u00eds Amaral - JORNAL BEIRA RIO<\/title>\n<meta name=\"robots\" content=\"index, follow, max-snippet:-1, max-image-preview:large, max-video-preview:-1\" \/>\n<link rel=\"canonical\" href=\"https:\/\/jornalbeirario.com.br\/portal\/?p=12778\" \/>\n<meta property=\"og:locale\" content=\"pt_BR\" \/>\n<meta property=\"og:type\" content=\"article\" \/>\n<meta property=\"og:title\" content=\"La\u00eds Amaral - JORNAL BEIRA RIO\" \/>\n<meta property=\"og:description\" content=\"O que as \u2018ruas\u2019 tamb\u00e9m deixaram (1) Muito j\u00e1 se falou das recentes manifesta\u00e7\u00f5es. Gente querendo entender ou traduzir as ruas. Na esteira da\" \/>\n<meta property=\"og:url\" content=\"https:\/\/jornalbeirario.com.br\/portal\/?p=12778\" \/>\n<meta property=\"og:site_name\" content=\"JORNAL BEIRA RIO\" \/>\n<meta property=\"article:published_time\" content=\"2013-07-26T13:40:17+00:00\" \/>\n<meta property=\"article:modified_time\" content=\"2013-07-26T14:25:32+00:00\" \/>\n<meta name=\"author\" content=\"Jornal BEIRA-RIO\" \/>\n<meta name=\"twitter:card\" content=\"summary_large_image\" \/>\n<meta name=\"twitter:label1\" content=\"Escrito por\" \/>\n\t<meta name=\"twitter:data1\" content=\"Jornal BEIRA-RIO\" \/>\n\t<meta name=\"twitter:label2\" content=\"Est. tempo de leitura\" \/>\n\t<meta name=\"twitter:data2\" content=\"5 minutos\" \/>\n<script type=\"application\/ld+json\" class=\"yoast-schema-graph\">{\"@context\":\"https:\\\/\\\/schema.org\",\"@graph\":[{\"@type\":\"Article\",\"@id\":\"https:\\\/\\\/jornalbeirario.com.br\\\/portal\\\/?p=12778#article\",\"isPartOf\":{\"@id\":\"https:\\\/\\\/jornalbeirario.com.br\\\/portal\\\/?p=12778\"},\"author\":{\"name\":\"Jornal BEIRA-RIO\",\"@id\":\"https:\\\/\\\/jornalbeirario.com.br\\\/portal\\\/#\\\/schema\\\/person\\\/c6c423e4c2465d2a9233f6539173e7c1\"},\"headline\":\"La\u00eds Amaral\",\"datePublished\":\"2013-07-26T13:40:17+00:00\",\"dateModified\":\"2013-07-26T14:25:32+00:00\",\"mainEntityOfPage\":{\"@id\":\"https:\\\/\\\/jornalbeirario.com.br\\\/portal\\\/?p=12778\"},\"wordCount\":968,\"commentCount\":0,\"publisher\":{\"@id\":\"https:\\\/\\\/jornalbeirario.com.br\\\/portal\\\/#organization\"},\"articleSection\":[\"Social\"],\"inLanguage\":\"pt-BR\",\"potentialAction\":[{\"@type\":\"CommentAction\",\"name\":\"Comment\",\"target\":[\"https:\\\/\\\/jornalbeirario.com.br\\\/portal\\\/?p=12778#respond\"]}]},{\"@type\":\"WebPage\",\"@id\":\"https:\\\/\\\/jornalbeirario.com.br\\\/portal\\\/?p=12778\",\"url\":\"https:\\\/\\\/jornalbeirario.com.br\\\/portal\\\/?p=12778\",\"name\":\"La\u00eds Amaral - JORNAL BEIRA RIO\",\"isPartOf\":{\"@id\":\"https:\\\/\\\/jornalbeirario.com.br\\\/portal\\\/#website\"},\"datePublished\":\"2013-07-26T13:40:17+00:00\",\"dateModified\":\"2013-07-26T14:25:32+00:00\",\"breadcrumb\":{\"@id\":\"https:\\\/\\\/jornalbeirario.com.br\\\/portal\\\/?p=12778#breadcrumb\"},\"inLanguage\":\"pt-BR\",\"potentialAction\":[{\"@type\":\"ReadAction\",\"target\":[\"https:\\\/\\\/jornalbeirario.com.br\\\/portal\\\/?p=12778\"]}]},{\"@type\":\"BreadcrumbList\",\"@id\":\"https:\\\/\\\/jornalbeirario.com.br\\\/portal\\\/?p=12778#breadcrumb\",\"itemListElement\":[{\"@type\":\"ListItem\",\"position\":1,\"name\":\"Home\",\"item\":\"https:\\\/\\\/jornalbeirario.com.br\\\/portal\"},{\"@type\":\"ListItem\",\"position\":2,\"name\":\"La\u00eds Amaral\"}]},{\"@type\":\"WebSite\",\"@id\":\"https:\\\/\\\/jornalbeirario.com.br\\\/portal\\\/#website\",\"url\":\"https:\\\/\\\/jornalbeirario.com.br\\\/portal\\\/\",\"name\":\"JORNAL BEIRA RIO\",\"description\":\"\",\"publisher\":{\"@id\":\"https:\\\/\\\/jornalbeirario.com.br\\\/portal\\\/#organization\"},\"potentialAction\":[{\"@type\":\"SearchAction\",\"target\":{\"@type\":\"EntryPoint\",\"urlTemplate\":\"https:\\\/\\\/jornalbeirario.com.br\\\/portal\\\/?s={search_term_string}\"},\"query-input\":{\"@type\":\"PropertyValueSpecification\",\"valueRequired\":true,\"valueName\":\"search_term_string\"}}],\"inLanguage\":\"pt-BR\"},{\"@type\":\"Organization\",\"@id\":\"https:\\\/\\\/jornalbeirario.com.br\\\/portal\\\/#organization\",\"name\":\"JORNAL BEIRA RIO\",\"url\":\"https:\\\/\\\/jornalbeirario.com.br\\\/portal\\\/\",\"logo\":{\"@type\":\"ImageObject\",\"inLanguage\":\"pt-BR\",\"@id\":\"https:\\\/\\\/jornalbeirario.com.br\\\/portal\\\/#\\\/schema\\\/logo\\\/image\\\/\",\"url\":\"https:\\\/\\\/jornalbeirario.com.br\\\/portal\\\/wp-content\\\/uploads\\\/2017\\\/09\\\/BEIRA-RIO_logo600.png\",\"contentUrl\":\"https:\\\/\\\/jornalbeirario.com.br\\\/portal\\\/wp-content\\\/uploads\\\/2017\\\/09\\\/BEIRA-RIO_logo600.png\",\"width\":650,\"height\":108,\"caption\":\"JORNAL BEIRA RIO\"},\"image\":{\"@id\":\"https:\\\/\\\/jornalbeirario.com.br\\\/portal\\\/#\\\/schema\\\/logo\\\/image\\\/\"}},{\"@type\":\"Person\",\"@id\":\"https:\\\/\\\/jornalbeirario.com.br\\\/portal\\\/#\\\/schema\\\/person\\\/c6c423e4c2465d2a9233f6539173e7c1\",\"name\":\"Jornal BEIRA-RIO\",\"image\":{\"@type\":\"ImageObject\",\"inLanguage\":\"pt-BR\",\"@id\":\"https:\\\/\\\/jornalbeirario.com.br\\\/portal\\\/wp-content\\\/uploads\\\/2023\\\/10\\\/logojbr1.jpg\",\"url\":\"https:\\\/\\\/jornalbeirario.com.br\\\/portal\\\/wp-content\\\/uploads\\\/2023\\\/10\\\/logojbr1.jpg\",\"contentUrl\":\"https:\\\/\\\/jornalbeirario.com.br\\\/portal\\\/wp-content\\\/uploads\\\/2023\\\/10\\\/logojbr1.jpg\",\"caption\":\"Jornal BEIRA-RIO\"},\"url\":\"https:\\\/\\\/jornalbeirario.com.br\\\/portal\\\/?author=1\"}]}<\/script>\n<!-- \/ Yoast SEO plugin. -->","yoast_head_json":{"title":"La\u00eds Amaral - JORNAL BEIRA RIO","robots":{"index":"index","follow":"follow","max-snippet":"max-snippet:-1","max-image-preview":"max-image-preview:large","max-video-preview":"max-video-preview:-1"},"canonical":"https:\/\/jornalbeirario.com.br\/portal\/?p=12778","og_locale":"pt_BR","og_type":"article","og_title":"La\u00eds Amaral - JORNAL BEIRA RIO","og_description":"O que as \u2018ruas\u2019 tamb\u00e9m deixaram (1) Muito j\u00e1 se falou das recentes manifesta\u00e7\u00f5es. Gente querendo entender ou traduzir as ruas. Na esteira da","og_url":"https:\/\/jornalbeirario.com.br\/portal\/?p=12778","og_site_name":"JORNAL BEIRA RIO","article_published_time":"2013-07-26T13:40:17+00:00","article_modified_time":"2013-07-26T14:25:32+00:00","author":"Jornal BEIRA-RIO","twitter_card":"summary_large_image","twitter_misc":{"Escrito por":"Jornal BEIRA-RIO","Est. tempo de leitura":"5 minutos"},"schema":{"@context":"https:\/\/schema.org","@graph":[{"@type":"Article","@id":"https:\/\/jornalbeirario.com.br\/portal\/?p=12778#article","isPartOf":{"@id":"https:\/\/jornalbeirario.com.br\/portal\/?p=12778"},"author":{"name":"Jornal BEIRA-RIO","@id":"https:\/\/jornalbeirario.com.br\/portal\/#\/schema\/person\/c6c423e4c2465d2a9233f6539173e7c1"},"headline":"La\u00eds Amaral","datePublished":"2013-07-26T13:40:17+00:00","dateModified":"2013-07-26T14:25:32+00:00","mainEntityOfPage":{"@id":"https:\/\/jornalbeirario.com.br\/portal\/?p=12778"},"wordCount":968,"commentCount":0,"publisher":{"@id":"https:\/\/jornalbeirario.com.br\/portal\/#organization"},"articleSection":["Social"],"inLanguage":"pt-BR","potentialAction":[{"@type":"CommentAction","name":"Comment","target":["https:\/\/jornalbeirario.com.br\/portal\/?p=12778#respond"]}]},{"@type":"WebPage","@id":"https:\/\/jornalbeirario.com.br\/portal\/?p=12778","url":"https:\/\/jornalbeirario.com.br\/portal\/?p=12778","name":"La\u00eds Amaral - JORNAL BEIRA RIO","isPartOf":{"@id":"https:\/\/jornalbeirario.com.br\/portal\/#website"},"datePublished":"2013-07-26T13:40:17+00:00","dateModified":"2013-07-26T14:25:32+00:00","breadcrumb":{"@id":"https:\/\/jornalbeirario.com.br\/portal\/?p=12778#breadcrumb"},"inLanguage":"pt-BR","potentialAction":[{"@type":"ReadAction","target":["https:\/\/jornalbeirario.com.br\/portal\/?p=12778"]}]},{"@type":"BreadcrumbList","@id":"https:\/\/jornalbeirario.com.br\/portal\/?p=12778#breadcrumb","itemListElement":[{"@type":"ListItem","position":1,"name":"Home","item":"https:\/\/jornalbeirario.com.br\/portal"},{"@type":"ListItem","position":2,"name":"La\u00eds Amaral"}]},{"@type":"WebSite","@id":"https:\/\/jornalbeirario.com.br\/portal\/#website","url":"https:\/\/jornalbeirario.com.br\/portal\/","name":"JORNAL BEIRA RIO","description":"","publisher":{"@id":"https:\/\/jornalbeirario.com.br\/portal\/#organization"},"potentialAction":[{"@type":"SearchAction","target":{"@type":"EntryPoint","urlTemplate":"https:\/\/jornalbeirario.com.br\/portal\/?s={search_term_string}"},"query-input":{"@type":"PropertyValueSpecification","valueRequired":true,"valueName":"search_term_string"}}],"inLanguage":"pt-BR"},{"@type":"Organization","@id":"https:\/\/jornalbeirario.com.br\/portal\/#organization","name":"JORNAL BEIRA RIO","url":"https:\/\/jornalbeirario.com.br\/portal\/","logo":{"@type":"ImageObject","inLanguage":"pt-BR","@id":"https:\/\/jornalbeirario.com.br\/portal\/#\/schema\/logo\/image\/","url":"https:\/\/jornalbeirario.com.br\/portal\/wp-content\/uploads\/2017\/09\/BEIRA-RIO_logo600.png","contentUrl":"https:\/\/jornalbeirario.com.br\/portal\/wp-content\/uploads\/2017\/09\/BEIRA-RIO_logo600.png","width":650,"height":108,"caption":"JORNAL BEIRA RIO"},"image":{"@id":"https:\/\/jornalbeirario.com.br\/portal\/#\/schema\/logo\/image\/"}},{"@type":"Person","@id":"https:\/\/jornalbeirario.com.br\/portal\/#\/schema\/person\/c6c423e4c2465d2a9233f6539173e7c1","name":"Jornal BEIRA-RIO","image":{"@type":"ImageObject","inLanguage":"pt-BR","@id":"https:\/\/jornalbeirario.com.br\/portal\/wp-content\/uploads\/2023\/10\/logojbr1.jpg","url":"https:\/\/jornalbeirario.com.br\/portal\/wp-content\/uploads\/2023\/10\/logojbr1.jpg","contentUrl":"https:\/\/jornalbeirario.com.br\/portal\/wp-content\/uploads\/2023\/10\/logojbr1.jpg","caption":"Jornal BEIRA-RIO"},"url":"https:\/\/jornalbeirario.com.br\/portal\/?author=1"}]}},"_links":{"self":[{"href":"https:\/\/jornalbeirario.com.br\/portal\/index.php?rest_route=\/wp\/v2\/posts\/12778","targetHints":{"allow":["GET"]}}],"collection":[{"href":"https:\/\/jornalbeirario.com.br\/portal\/index.php?rest_route=\/wp\/v2\/posts"}],"about":[{"href":"https:\/\/jornalbeirario.com.br\/portal\/index.php?rest_route=\/wp\/v2\/types\/post"}],"author":[{"embeddable":true,"href":"https:\/\/jornalbeirario.com.br\/portal\/index.php?rest_route=\/wp\/v2\/users\/1"}],"replies":[{"embeddable":true,"href":"https:\/\/jornalbeirario.com.br\/portal\/index.php?rest_route=%2Fwp%2Fv2%2Fcomments&post=12778"}],"version-history":[{"count":3,"href":"https:\/\/jornalbeirario.com.br\/portal\/index.php?rest_route=\/wp\/v2\/posts\/12778\/revisions"}],"predecessor-version":[{"id":12780,"href":"https:\/\/jornalbeirario.com.br\/portal\/index.php?rest_route=\/wp\/v2\/posts\/12778\/revisions\/12780"}],"wp:attachment":[{"href":"https:\/\/jornalbeirario.com.br\/portal\/index.php?rest_route=%2Fwp%2Fv2%2Fmedia&parent=12778"}],"wp:term":[{"taxonomy":"category","embeddable":true,"href":"https:\/\/jornalbeirario.com.br\/portal\/index.php?rest_route=%2Fwp%2Fv2%2Fcategories&post=12778"},{"taxonomy":"post_tag","embeddable":true,"href":"https:\/\/jornalbeirario.com.br\/portal\/index.php?rest_route=%2Fwp%2Fv2%2Ftags&post=12778"}],"curies":[{"name":"wp","href":"https:\/\/api.w.org\/{rel}","templated":true}]}}