
{"id":12513,"date":"2013-07-19T12:14:08","date_gmt":"2013-07-19T12:14:08","guid":{"rendered":"http:\/\/jornalbeirario.com.br\/portal\/portal\/?p=12513"},"modified":"2013-07-19T12:14:08","modified_gmt":"2013-07-19T12:14:08","slug":"social-lais-amaral-16","status":"publish","type":"post","link":"https:\/\/jornalbeirario.com.br\/portal\/?p=12513","title":{"rendered":"SOCIAL LA\u00cdS AMARAL"},"content":{"rendered":"<p style=\"text-align: justify;\">Confer\u00eancia de Cultura correu sem grandes surpresas<br \/>\nS\u00e1bado passado foi realizada a Confer\u00eancia Municipal de Cultura, no Espa\u00e7o \u2018Z\u2019. Discutiram-se pol\u00edticas culturais para o munic\u00edpio e plano de cultura do estado. Esses encontros que envolvem artistas e gente ligada \u00e0 cultura s\u00e3o geralmente passionais e servem como aprendizado aos mais jovens que est\u00e3o chegando agora ao baile. N\u00e3o participei das discuss\u00f5es devido a compromissos aferrolhados anteriormente. Mas compareci \u00e0 plen\u00e1ria final quando elegeu-se a parte da sociedade civil do Conselho de Cultura e os\u00a0 delegados \u00e0 Confer\u00eancia Estadual. Por sinal, ser\u00e3o seis os delegados, n\u00famero que atende a uma proporcionalidade relacionada ao n\u00famero de pessoas presentes. J\u00e1 o Conselho de Cultura dever\u00e1 ter mais um segmento representado, pois a plen\u00e1ria aprovou o aumento do n\u00famero de cadeiras e tamb\u00e9m foi aprovada a proposta do \u00c2ngelo Tramezzino que tenham assento no novo Conselho, os produtores culturais da cidade. Achei bem razo\u00e1vel. Poderia terminar esse texto (candidato a um dos mais insossos que lavrei) com aquele surrado jarg\u00e3o: entre mortos e feridos se salvaram todos. Mas prefiro registrar o espanto, a perplexidade, a decep\u00e7\u00e3o, ou tudo isso junto, de\u00a0 participantes da Confer\u00eancia, com a aus\u00eancia de representantes de alguns segmentos art\u00edsticos como candidatos a conselheiros. Essa aus\u00eancia entre os artistas presentes como candidatos ao Conselho pode ter sido motivada pelo impedimento do conselheiro em apresentar projetos pleiteando os incentivos da lei municipal de cultura. O pessoal tamb\u00e9m sentiu falta daquela turma que bate lata no Facebook. \u00c9 isso. Eles batem lata.<\/p>\n<p>O que teme o Procurador Gurgel?<br \/>\n\u201cH\u00e1 algo de podre do reino da Dinamarca.\u201d A famosa frase do bardo ingl\u00eas deve estar ribombando na cabe\u00e7a do procurador-geral da Rep\u00fablica, Roberto Gurgel. Seria uma trai\u00e7\u00e3o da mais alta Corte ? N\u00e3o. N\u00e3o h\u00e1 trai\u00e7\u00e3o alguma, \u00e9 que nem todos os ministros do STF rezam pela mesma cartilha dele. Gurgel foi mais uma vez derrotado na sua tentativa de impedir a divulga\u00e7\u00e3o de detalhes sobre gastos de sua gest\u00e3o com itens como carros e iPads. A ministra C\u00e1rmen L\u00facia indeferiu, no STF (Supremo Tribunal Federal), o pedido de Gurgel para que ele n\u00e3o seja obrigado a mostrar as informa\u00e7\u00f5es para o Conselho Nacional do Minist\u00e9rio P\u00fablico, que fiscaliza a procuradoria. A ministra Carmem L\u00facia manteve a decis\u00e3o do seu colega Teori Zavascki, que j\u00e1 tinha negado pedido de liminar de Gurgel para o caso. Gurgel, o Prevarica&#8230; digo, o Procurador Geral da Rep\u00fablica \u00e9 aquele que manteve as den\u00fancias contra o ex-senador Dem\u00f3stenes Torres engavetadas por dois anos. Dem\u00f3stenes, amigo do bicheiro Carlinhos Cachoeira foi cassado. Gurgel tem na gaveta tamb\u00e9m documenta\u00e7\u00e3o suficiente para investigar as den\u00fancias de mutretas nas privatiza\u00e7\u00f5es do governo FHC, publicados no livro \u2018Privataria Tucana\u2019, do jornalista Amauri Ribeiro Junior. Do que Gurgel tem medo ? A mat\u00e9ria saiu na coluna de M\u00f4nica Bergamo, na Folha dessa Quarta. Pra quem n\u00e3o sabe, Gurgel se orgulha de parecer com um ex-humorista, um entrevistador decadente, jabazeiro e reacion\u00e1rio que tem um talk show na TV aberta. Inclusive foi entrevistado no tal programa h\u00e1 pouco tempo e posou de paladino da Justi\u00e7a. Como sempre acontece entre os iguais, mereceu a \u2018baba\u00e7\u00e3o\u2019 cl\u00e1ssica do gordo.<\/p>\n<p>TRIPA<br \/>\n* A atra\u00e7\u00e3o do Festival Vale do Caf\u00e9 para hoje, (Sexta-feira, dia 19), \u00e9 o concerto do violonista Marcus Llerena acompanhado da soprano Rosenete Eberhardt, \u00e0s 19 horas na Igreja do Ros\u00e1rio. Na pr\u00f3xima quarta-feira, dia 24, no mesmo local e no mesmo hor\u00e1rio, a atra\u00e7\u00e3o ser\u00e1 o espetacular Coral do Visconde (de Visconde de Mau\u00e1). Imperd\u00edvel * E a programa\u00e7\u00e3o de Resende no Festival Vale do Caf\u00e9 teve ainda exposi\u00e7\u00e3o de hist\u00f3ria do caf\u00e9 com palestra da Celina Whately, concerto do Thiago Zaidan e orquestra sinf\u00f4nica de Barra Mansa com Jo\u00e3o Bosco de solista no teatr\u00e3o da Aman * A Academia Militar das Agulhas Negras vai promover o Sal\u00e3o de Artes do Centen\u00e1rio da Banda Sinf\u00f4nica da Academia Militar, cujo tema ser\u00e1: A Banda Sinf\u00f4nica da Academia Militar. O sal\u00e3o est\u00e1 com inscri\u00e7\u00f5es abertas. Os artistas interessados poder\u00e3o se informar pelos telefones: (24) 3388-4579 e (24) 3388-4580. O sal\u00e3o est\u00e1 marcado para outubro * Minha amiga, C\u00e1ssia Cardoso criou uma op\u00e7\u00e3o para as noites bo\u00eamias das sextas e s\u00e1bados, o \u2018Furdun\u00e7o\u2019. C\u00e1ssia al\u00e9m de grande cantora tamb\u00e9m manda muito bem na cozinha. O \u2018Furdun\u00e7o\u2019 fica na rua Padre Sandrup pr\u00f3ximo \u00e0 Padaria da Vila Hulda * O samba est\u00e1 comendo solto no \u2018Bar da Dona Fia\u2019 nas tardes de s\u00e1bado. A dupla Nenem Ziranda e Jo\u00e3o do tamborim comanda o samb\u00e3o e recebem convidados. O bar fica ali na Santa Cec\u00edlia * Dia 3 de agosto acontece o \u2018Grito do Caranguejo\u2019 com vistas ao Carnaval do ano que vem. A festa (churrasco) ser\u00e1 na AABB. Organizadores, amigos e foli\u00f5es do Bloco Et\u00edlico Carnavalesco Crust\u00e1ceos da Mangua\u00e7a estar\u00e3o reunidos para ouvir sambas, marchas e tra\u00e7ar planos para as atividades de 2014. Ser\u00e3o vendidas camisetas especiais do bloco. Semana que vem informo os pontos de venda.<\/p>\n<p>ANIVERS\u00c1RIOS<br \/>\nInauguraram idade nova na segunda-feira, dia 15, os amigos Yuri Bruno e o\u00a0 premiad\u00edssimo produtor de cacha\u00e7a de Resende, Marcelo Nordskog. No dia 16 foi a v\u00eas do Andr\u00e9 Amaral e da Christiane Villar mudarem de idade. Os amigos Gl\u00eanio Barbosa e Melzaque Caetano (excelente violonista) receberam os \u2018parab\u00e9ns\u2019 nessa quarta, dia 17. Ontem, dia 18, ficaram mais experientes, o ator \u2018Azeitona\u2019, a colega de curso a distancia e xar\u00e1, La\u00eds Cristini, o advogado Pedro Felizardo e o Botelho, meu amigo de boemia. Hoje, dia 19, sopra velinhas a amiga Claudia Martins, que canta muito. Amanh\u00e3, dia 20, uma turma grande conta mais um ano de vida: o jornalista \u00c1lvaro Brito, a Geni Rufino, a Itiana Rochelle, a Raquel Cavalcante e a Rita Rocha. E no domingo aniversariam a Concei\u00e7\u00e3o Soares, o Pedro Lamin, a Bianca Oliveira e a simpatia da Ronilda de Souza. Parab\u00e9ns e todas as felicidades do mundo a todos eles.<\/p>\n","protected":false},"excerpt":{"rendered":"<p>Confer\u00eancia de Cultura correu sem grandes surpresas S\u00e1bado passado foi realizada a Confer\u00eancia Municipal de Cultura, no Espa\u00e7o \u2018Z\u2019. Discutiram-se pol\u00edticas culturais para o<\/p>\n","protected":false},"author":1,"featured_media":0,"comment_status":"open","ping_status":"open","sticky":false,"template":"","format":"standard","meta":{"pmpro_default_level":"","footnotes":""},"categories":[13],"tags":[],"class_list":["post-12513","post","type-post","status-publish","format-standard","hentry","category-social","pmpro-has-access"],"yoast_head":"<!-- This site is optimized with the Yoast SEO plugin v27.4 - https:\/\/yoast.com\/product\/yoast-seo-wordpress\/ -->\n<title>SOCIAL LA\u00cdS AMARAL - JORNAL BEIRA RIO<\/title>\n<meta name=\"robots\" content=\"index, follow, max-snippet:-1, max-image-preview:large, max-video-preview:-1\" \/>\n<link rel=\"canonical\" href=\"https:\/\/jornalbeirario.com.br\/portal\/?p=12513\" \/>\n<meta property=\"og:locale\" content=\"pt_BR\" \/>\n<meta property=\"og:type\" content=\"article\" \/>\n<meta property=\"og:title\" content=\"SOCIAL LA\u00cdS AMARAL - JORNAL BEIRA RIO\" \/>\n<meta property=\"og:description\" content=\"Confer\u00eancia de Cultura correu sem grandes surpresas S\u00e1bado passado foi realizada a Confer\u00eancia Municipal de Cultura, no Espa\u00e7o \u2018Z\u2019. Discutiram-se pol\u00edticas culturais para o\" \/>\n<meta property=\"og:url\" content=\"https:\/\/jornalbeirario.com.br\/portal\/?p=12513\" \/>\n<meta property=\"og:site_name\" content=\"JORNAL BEIRA RIO\" \/>\n<meta property=\"article:published_time\" content=\"2013-07-19T12:14:08+00:00\" \/>\n<meta name=\"author\" content=\"Jornal BEIRA-RIO\" \/>\n<meta name=\"twitter:card\" content=\"summary_large_image\" \/>\n<meta name=\"twitter:label1\" content=\"Escrito por\" \/>\n\t<meta name=\"twitter:data1\" content=\"Jornal BEIRA-RIO\" \/>\n\t<meta name=\"twitter:label2\" content=\"Est. tempo de leitura\" \/>\n\t<meta name=\"twitter:data2\" content=\"5 minutos\" \/>\n<script type=\"application\/ld+json\" class=\"yoast-schema-graph\">{\"@context\":\"https:\\\/\\\/schema.org\",\"@graph\":[{\"@type\":\"Article\",\"@id\":\"https:\\\/\\\/jornalbeirario.com.br\\\/portal\\\/?p=12513#article\",\"isPartOf\":{\"@id\":\"https:\\\/\\\/jornalbeirario.com.br\\\/portal\\\/?p=12513\"},\"author\":{\"name\":\"Jornal BEIRA-RIO\",\"@id\":\"https:\\\/\\\/jornalbeirario.com.br\\\/portal\\\/#\\\/schema\\\/person\\\/c6c423e4c2465d2a9233f6539173e7c1\"},\"headline\":\"SOCIAL LA\u00cdS AMARAL\",\"datePublished\":\"2013-07-19T12:14:08+00:00\",\"mainEntityOfPage\":{\"@id\":\"https:\\\/\\\/jornalbeirario.com.br\\\/portal\\\/?p=12513\"},\"wordCount\":1056,\"commentCount\":0,\"publisher\":{\"@id\":\"https:\\\/\\\/jornalbeirario.com.br\\\/portal\\\/#organization\"},\"articleSection\":[\"Social\"],\"inLanguage\":\"pt-BR\",\"potentialAction\":[{\"@type\":\"CommentAction\",\"name\":\"Comment\",\"target\":[\"https:\\\/\\\/jornalbeirario.com.br\\\/portal\\\/?p=12513#respond\"]}]},{\"@type\":\"WebPage\",\"@id\":\"https:\\\/\\\/jornalbeirario.com.br\\\/portal\\\/?p=12513\",\"url\":\"https:\\\/\\\/jornalbeirario.com.br\\\/portal\\\/?p=12513\",\"name\":\"SOCIAL LA\u00cdS AMARAL - JORNAL BEIRA RIO\",\"isPartOf\":{\"@id\":\"https:\\\/\\\/jornalbeirario.com.br\\\/portal\\\/#website\"},\"datePublished\":\"2013-07-19T12:14:08+00:00\",\"breadcrumb\":{\"@id\":\"https:\\\/\\\/jornalbeirario.com.br\\\/portal\\\/?p=12513#breadcrumb\"},\"inLanguage\":\"pt-BR\",\"potentialAction\":[{\"@type\":\"ReadAction\",\"target\":[\"https:\\\/\\\/jornalbeirario.com.br\\\/portal\\\/?p=12513\"]}]},{\"@type\":\"BreadcrumbList\",\"@id\":\"https:\\\/\\\/jornalbeirario.com.br\\\/portal\\\/?p=12513#breadcrumb\",\"itemListElement\":[{\"@type\":\"ListItem\",\"position\":1,\"name\":\"Home\",\"item\":\"https:\\\/\\\/jornalbeirario.com.br\\\/portal\"},{\"@type\":\"ListItem\",\"position\":2,\"name\":\"SOCIAL LA\u00cdS AMARAL\"}]},{\"@type\":\"WebSite\",\"@id\":\"https:\\\/\\\/jornalbeirario.com.br\\\/portal\\\/#website\",\"url\":\"https:\\\/\\\/jornalbeirario.com.br\\\/portal\\\/\",\"name\":\"JORNAL BEIRA RIO\",\"description\":\"\",\"publisher\":{\"@id\":\"https:\\\/\\\/jornalbeirario.com.br\\\/portal\\\/#organization\"},\"potentialAction\":[{\"@type\":\"SearchAction\",\"target\":{\"@type\":\"EntryPoint\",\"urlTemplate\":\"https:\\\/\\\/jornalbeirario.com.br\\\/portal\\\/?s={search_term_string}\"},\"query-input\":{\"@type\":\"PropertyValueSpecification\",\"valueRequired\":true,\"valueName\":\"search_term_string\"}}],\"inLanguage\":\"pt-BR\"},{\"@type\":\"Organization\",\"@id\":\"https:\\\/\\\/jornalbeirario.com.br\\\/portal\\\/#organization\",\"name\":\"JORNAL BEIRA RIO\",\"url\":\"https:\\\/\\\/jornalbeirario.com.br\\\/portal\\\/\",\"logo\":{\"@type\":\"ImageObject\",\"inLanguage\":\"pt-BR\",\"@id\":\"https:\\\/\\\/jornalbeirario.com.br\\\/portal\\\/#\\\/schema\\\/logo\\\/image\\\/\",\"url\":\"https:\\\/\\\/jornalbeirario.com.br\\\/portal\\\/wp-content\\\/uploads\\\/2017\\\/09\\\/BEIRA-RIO_logo600.png\",\"contentUrl\":\"https:\\\/\\\/jornalbeirario.com.br\\\/portal\\\/wp-content\\\/uploads\\\/2017\\\/09\\\/BEIRA-RIO_logo600.png\",\"width\":650,\"height\":108,\"caption\":\"JORNAL BEIRA RIO\"},\"image\":{\"@id\":\"https:\\\/\\\/jornalbeirario.com.br\\\/portal\\\/#\\\/schema\\\/logo\\\/image\\\/\"}},{\"@type\":\"Person\",\"@id\":\"https:\\\/\\\/jornalbeirario.com.br\\\/portal\\\/#\\\/schema\\\/person\\\/c6c423e4c2465d2a9233f6539173e7c1\",\"name\":\"Jornal BEIRA-RIO\",\"image\":{\"@type\":\"ImageObject\",\"inLanguage\":\"pt-BR\",\"@id\":\"https:\\\/\\\/jornalbeirario.com.br\\\/portal\\\/wp-content\\\/uploads\\\/2023\\\/10\\\/logojbr1.jpg\",\"url\":\"https:\\\/\\\/jornalbeirario.com.br\\\/portal\\\/wp-content\\\/uploads\\\/2023\\\/10\\\/logojbr1.jpg\",\"contentUrl\":\"https:\\\/\\\/jornalbeirario.com.br\\\/portal\\\/wp-content\\\/uploads\\\/2023\\\/10\\\/logojbr1.jpg\",\"caption\":\"Jornal BEIRA-RIO\"},\"url\":\"https:\\\/\\\/jornalbeirario.com.br\\\/portal\\\/?author=1\"}]}<\/script>\n<!-- \/ Yoast SEO plugin. -->","yoast_head_json":{"title":"SOCIAL LA\u00cdS AMARAL - JORNAL BEIRA RIO","robots":{"index":"index","follow":"follow","max-snippet":"max-snippet:-1","max-image-preview":"max-image-preview:large","max-video-preview":"max-video-preview:-1"},"canonical":"https:\/\/jornalbeirario.com.br\/portal\/?p=12513","og_locale":"pt_BR","og_type":"article","og_title":"SOCIAL LA\u00cdS AMARAL - JORNAL BEIRA RIO","og_description":"Confer\u00eancia de Cultura correu sem grandes surpresas S\u00e1bado passado foi realizada a Confer\u00eancia Municipal de Cultura, no Espa\u00e7o \u2018Z\u2019. Discutiram-se pol\u00edticas culturais para o","og_url":"https:\/\/jornalbeirario.com.br\/portal\/?p=12513","og_site_name":"JORNAL BEIRA RIO","article_published_time":"2013-07-19T12:14:08+00:00","author":"Jornal BEIRA-RIO","twitter_card":"summary_large_image","twitter_misc":{"Escrito por":"Jornal BEIRA-RIO","Est. tempo de leitura":"5 minutos"},"schema":{"@context":"https:\/\/schema.org","@graph":[{"@type":"Article","@id":"https:\/\/jornalbeirario.com.br\/portal\/?p=12513#article","isPartOf":{"@id":"https:\/\/jornalbeirario.com.br\/portal\/?p=12513"},"author":{"name":"Jornal BEIRA-RIO","@id":"https:\/\/jornalbeirario.com.br\/portal\/#\/schema\/person\/c6c423e4c2465d2a9233f6539173e7c1"},"headline":"SOCIAL LA\u00cdS AMARAL","datePublished":"2013-07-19T12:14:08+00:00","mainEntityOfPage":{"@id":"https:\/\/jornalbeirario.com.br\/portal\/?p=12513"},"wordCount":1056,"commentCount":0,"publisher":{"@id":"https:\/\/jornalbeirario.com.br\/portal\/#organization"},"articleSection":["Social"],"inLanguage":"pt-BR","potentialAction":[{"@type":"CommentAction","name":"Comment","target":["https:\/\/jornalbeirario.com.br\/portal\/?p=12513#respond"]}]},{"@type":"WebPage","@id":"https:\/\/jornalbeirario.com.br\/portal\/?p=12513","url":"https:\/\/jornalbeirario.com.br\/portal\/?p=12513","name":"SOCIAL LA\u00cdS AMARAL - JORNAL BEIRA RIO","isPartOf":{"@id":"https:\/\/jornalbeirario.com.br\/portal\/#website"},"datePublished":"2013-07-19T12:14:08+00:00","breadcrumb":{"@id":"https:\/\/jornalbeirario.com.br\/portal\/?p=12513#breadcrumb"},"inLanguage":"pt-BR","potentialAction":[{"@type":"ReadAction","target":["https:\/\/jornalbeirario.com.br\/portal\/?p=12513"]}]},{"@type":"BreadcrumbList","@id":"https:\/\/jornalbeirario.com.br\/portal\/?p=12513#breadcrumb","itemListElement":[{"@type":"ListItem","position":1,"name":"Home","item":"https:\/\/jornalbeirario.com.br\/portal"},{"@type":"ListItem","position":2,"name":"SOCIAL LA\u00cdS AMARAL"}]},{"@type":"WebSite","@id":"https:\/\/jornalbeirario.com.br\/portal\/#website","url":"https:\/\/jornalbeirario.com.br\/portal\/","name":"JORNAL BEIRA RIO","description":"","publisher":{"@id":"https:\/\/jornalbeirario.com.br\/portal\/#organization"},"potentialAction":[{"@type":"SearchAction","target":{"@type":"EntryPoint","urlTemplate":"https:\/\/jornalbeirario.com.br\/portal\/?s={search_term_string}"},"query-input":{"@type":"PropertyValueSpecification","valueRequired":true,"valueName":"search_term_string"}}],"inLanguage":"pt-BR"},{"@type":"Organization","@id":"https:\/\/jornalbeirario.com.br\/portal\/#organization","name":"JORNAL BEIRA RIO","url":"https:\/\/jornalbeirario.com.br\/portal\/","logo":{"@type":"ImageObject","inLanguage":"pt-BR","@id":"https:\/\/jornalbeirario.com.br\/portal\/#\/schema\/logo\/image\/","url":"https:\/\/jornalbeirario.com.br\/portal\/wp-content\/uploads\/2017\/09\/BEIRA-RIO_logo600.png","contentUrl":"https:\/\/jornalbeirario.com.br\/portal\/wp-content\/uploads\/2017\/09\/BEIRA-RIO_logo600.png","width":650,"height":108,"caption":"JORNAL BEIRA RIO"},"image":{"@id":"https:\/\/jornalbeirario.com.br\/portal\/#\/schema\/logo\/image\/"}},{"@type":"Person","@id":"https:\/\/jornalbeirario.com.br\/portal\/#\/schema\/person\/c6c423e4c2465d2a9233f6539173e7c1","name":"Jornal BEIRA-RIO","image":{"@type":"ImageObject","inLanguage":"pt-BR","@id":"https:\/\/jornalbeirario.com.br\/portal\/wp-content\/uploads\/2023\/10\/logojbr1.jpg","url":"https:\/\/jornalbeirario.com.br\/portal\/wp-content\/uploads\/2023\/10\/logojbr1.jpg","contentUrl":"https:\/\/jornalbeirario.com.br\/portal\/wp-content\/uploads\/2023\/10\/logojbr1.jpg","caption":"Jornal BEIRA-RIO"},"url":"https:\/\/jornalbeirario.com.br\/portal\/?author=1"}]}},"_links":{"self":[{"href":"https:\/\/jornalbeirario.com.br\/portal\/index.php?rest_route=\/wp\/v2\/posts\/12513","targetHints":{"allow":["GET"]}}],"collection":[{"href":"https:\/\/jornalbeirario.com.br\/portal\/index.php?rest_route=\/wp\/v2\/posts"}],"about":[{"href":"https:\/\/jornalbeirario.com.br\/portal\/index.php?rest_route=\/wp\/v2\/types\/post"}],"author":[{"embeddable":true,"href":"https:\/\/jornalbeirario.com.br\/portal\/index.php?rest_route=\/wp\/v2\/users\/1"}],"replies":[{"embeddable":true,"href":"https:\/\/jornalbeirario.com.br\/portal\/index.php?rest_route=%2Fwp%2Fv2%2Fcomments&post=12513"}],"version-history":[{"count":1,"href":"https:\/\/jornalbeirario.com.br\/portal\/index.php?rest_route=\/wp\/v2\/posts\/12513\/revisions"}],"predecessor-version":[{"id":12514,"href":"https:\/\/jornalbeirario.com.br\/portal\/index.php?rest_route=\/wp\/v2\/posts\/12513\/revisions\/12514"}],"wp:attachment":[{"href":"https:\/\/jornalbeirario.com.br\/portal\/index.php?rest_route=%2Fwp%2Fv2%2Fmedia&parent=12513"}],"wp:term":[{"taxonomy":"category","embeddable":true,"href":"https:\/\/jornalbeirario.com.br\/portal\/index.php?rest_route=%2Fwp%2Fv2%2Fcategories&post=12513"},{"taxonomy":"post_tag","embeddable":true,"href":"https:\/\/jornalbeirario.com.br\/portal\/index.php?rest_route=%2Fwp%2Fv2%2Ftags&post=12513"}],"curies":[{"name":"wp","href":"https:\/\/api.w.org\/{rel}","templated":true}]}}