
{"id":12246,"date":"2013-07-12T12:06:58","date_gmt":"2013-07-12T12:06:58","guid":{"rendered":"http:\/\/jornalbeirario.com.br\/portal\/portal\/?p=12246"},"modified":"2013-07-12T12:06:58","modified_gmt":"2013-07-12T12:06:58","slug":"quem-pensa-curaresende","status":"publish","type":"post","link":"https:\/\/jornalbeirario.com.br\/portal\/?p=12246","title":{"rendered":"QUEM PENSA? #curaResende!"},"content":{"rendered":"<p style=\"text-align: justify;\">Na onda das hashtags mais famosas que incluem a palavra \u201ccura\u201d, se a mim fosse dada a possibilidade de escolher uma para o munic\u00edpio de Resende ser\u00e1 o t\u00edtulo deste artigo. #curaResende para expurgar do seu meio toda e qualquer tentativa de manter o povo desinformado ou mal-informado. Sempre ao dialogar com os acad\u00eamicos que troco experi\u00eancia h\u00e1 mais de 15 anos, n\u00e3o canso de repetir que o maior mal do mundo \u00e9 a falta de informa\u00e7\u00e3o e a\u00ed, incluo, a contrainforma\u00e7\u00e3o. Aquela que grupos, bem pagos, disseminam para criar uma entropia, uma subvers\u00e3o do direito \u00e0 informa\u00e7\u00e3o, que deve estabelecer o modo de vida na coletividade, na sociedade, de maneira que todos tenham as mesmas oportunidades e instrumentos de participa\u00e7\u00e3o e transforma\u00e7\u00e3o da pol\u00edtica. Resumindo: est\u00e3o mentindo para o povo. Dando informa\u00e7\u00f5es confusas e incompletas quando deveriam cumprir a Lei da Transpar\u00eancia e prestar contas de todos os dados e informa\u00e7\u00f5es p\u00fablicas, a come\u00e7ar pela falta de publica\u00e7\u00e3o dos editais de licita\u00e7\u00e3o, c\u00f3pias digitalizadas de todos os contratos e conv\u00eanios, assim como as presta\u00e7\u00f5es de contas destes, assim como, a rela\u00e7\u00e3o dos servidores municipais, tabelas de sal\u00e1rios atualizadas, o governo tamb\u00e9m deve disponibilizar o Plano Plurianual, a Lei de Diretrizes Or\u00e7ament\u00e1rias e Lei Or\u00e7ament\u00e1ria e ainda um link para todas as leis do munic\u00edpio, com recurso de busca por assunto, data e etc.<br \/>\nCoisas simples de fazer, muito simples, ali\u00e1s, nos tempos dos recursos digitais. O governo ainda deve disponibilizar essas informa\u00e7\u00f5es em programas e plataformas f\u00e1ceis para consultar e\/ou manipular os dados, mas nada disso existe no site da transpar\u00eancia do governo de Resende. O site hoje do governo de Resende s\u00e3o encontrados apenas os informes dos editais, uma vergonha essa negativa de tornar p\u00fablico o que \u00e9 direito de todo o cidad\u00e3o. Colocam a presta\u00e7\u00e3o de contas, obriga\u00e7\u00e3o da Lei de Responsabilidade Fiscal e os Boletins Oficiais, por isso e por outras tantas coisas que est\u00e3o acontecendo em Resende precisamos de uma nova lei: #curaResende!<br \/>\nPelo andar da carruagem na C\u00e2mara Municipal, com pequeno destaque para o vereador St\u00eanio que essa semana se mostrou firme ao criticar obras da Educa\u00e7\u00e3o, que segundo ele, apontam irregularidades graves, dif\u00edcil arriscar se algum vereador ter\u00e1 coragem de apresentar a lei #curaResende. Brincadeiras \u00e0 parte, vejo hoje o munic\u00edpio doente. Como justificar ent\u00e3o, que um prefeito reeleito com mais de 60% de aprova\u00e7\u00e3o como foi Rechuan, em menos de seis meses ter uma rejei\u00e7\u00e3o flagrante nos pontos de \u00f4nibus, o tr\u00e2nsito, nas conversas de bares e principalmente nas redes sociais. Sim, Resende tem um prefeito m\u00e9dico, mas est\u00e1 doente.<br \/>\nUm exemplo: essa semana uma press\u00e3o feita nas redes sociais tirou muita gente da cadeira. No Grupo Transpar\u00eancia Resende no Facebook, a cobran\u00e7a, da qual participei para revelar onde estava o tom\u00f3grafo comprado h\u00e1 mais de um ano numa licita\u00e7\u00e3o deu resultados em menos de uma semana. Chegou no Hospital de Emerg\u00eancia umas caixas que dizem cont\u00e9m o equipamento, ainda n\u00e3o fui l\u00e1 conferir, mas vou e voltarei a este assunto. Outra coisa medonha da gente engolir, um equipamento dessa import\u00e2ncia comprado e a gente pagando os exames aos hospitais privados? O que \u00e9 isso? Doen\u00e7a, n\u00e3o \u00e9?<br \/>\nQuanto desrespeito com o dinheiro p\u00fablico. Agora anunciam que no pr\u00f3ximo m\u00eas o tom\u00f3grafo estar\u00e1 instalado. E esperamos que instalado e funcionando, claro. Esperamos que na hora que for ligar o aparelho n\u00e3o descubram que a liga\u00e7\u00e3o de energia \u00e9 insuficiente e a\u00ed precisa de mais uma obra para adequar a instala\u00e7\u00e3o el\u00e9trica. Sabe como \u00e9, n\u00e9? A gente j\u00e1 adianta porque o governo Rechuan ficou previs\u00edvel demais, talvez isso explique a rejei\u00e7\u00e3o. O que se aceitou para continuar, em outubro de 2012, se mostra agora com sua cota de boa vontade se esvaindo, igual se esvaiu o chorume que veio de Volta Redonda para uma Esta\u00e7\u00e3o de Tratamentos de Efluentes n\u00e3o adequada para isso em Resende, e se foi pelo Rio Para\u00edba do Sul, mas que o governo disse que nada de anormal ocorreu.<br \/>\nAna L\u00facia<br \/>\nEditora do jornal BEIRA-RIO<br \/>\nanalucia@jornalbeirario.com.br<\/p>\n","protected":false},"excerpt":{"rendered":"<p>Na onda das hashtags mais famosas que incluem a palavra \u201ccura\u201d, se a mim fosse dada a possibilidade de escolher uma para o munic\u00edpio<\/p>\n","protected":false},"author":1,"featured_media":0,"comment_status":"open","ping_status":"open","sticky":false,"template":"","format":"standard","meta":{"pmpro_default_level":"","footnotes":""},"categories":[8],"tags":[155],"class_list":["post-12246","post","type-post","status-publish","format-standard","hentry","category-opiniao","tag-dehoraemhora","pmpro-has-access"],"yoast_head":"<!-- This site is optimized with the Yoast SEO plugin v27.4 - https:\/\/yoast.com\/product\/yoast-seo-wordpress\/ -->\n<title>QUEM PENSA? #curaResende! - JORNAL BEIRA RIO<\/title>\n<meta name=\"robots\" content=\"index, follow, max-snippet:-1, max-image-preview:large, max-video-preview:-1\" \/>\n<link rel=\"canonical\" href=\"https:\/\/jornalbeirario.com.br\/portal\/?p=12246\" \/>\n<meta property=\"og:locale\" content=\"pt_BR\" \/>\n<meta property=\"og:type\" content=\"article\" \/>\n<meta property=\"og:title\" content=\"QUEM PENSA? #curaResende! - JORNAL BEIRA RIO\" \/>\n<meta property=\"og:description\" content=\"Na onda das hashtags mais famosas que incluem a palavra \u201ccura\u201d, se a mim fosse dada a possibilidade de escolher uma para o munic\u00edpio\" \/>\n<meta property=\"og:url\" content=\"https:\/\/jornalbeirario.com.br\/portal\/?p=12246\" \/>\n<meta property=\"og:site_name\" content=\"JORNAL BEIRA RIO\" \/>\n<meta property=\"article:published_time\" content=\"2013-07-12T12:06:58+00:00\" \/>\n<meta name=\"author\" content=\"Jornal BEIRA-RIO\" \/>\n<meta name=\"twitter:card\" content=\"summary_large_image\" \/>\n<meta name=\"twitter:label1\" content=\"Escrito por\" \/>\n\t<meta name=\"twitter:data1\" content=\"Jornal BEIRA-RIO\" \/>\n\t<meta name=\"twitter:label2\" content=\"Est. tempo de leitura\" \/>\n\t<meta name=\"twitter:data2\" content=\"4 minutos\" \/>\n<script type=\"application\/ld+json\" class=\"yoast-schema-graph\">{\"@context\":\"https:\\\/\\\/schema.org\",\"@graph\":[{\"@type\":\"Article\",\"@id\":\"https:\\\/\\\/jornalbeirario.com.br\\\/portal\\\/?p=12246#article\",\"isPartOf\":{\"@id\":\"https:\\\/\\\/jornalbeirario.com.br\\\/portal\\\/?p=12246\"},\"author\":{\"name\":\"Jornal BEIRA-RIO\",\"@id\":\"https:\\\/\\\/jornalbeirario.com.br\\\/portal\\\/#\\\/schema\\\/person\\\/c6c423e4c2465d2a9233f6539173e7c1\"},\"headline\":\"QUEM PENSA? #curaResende!\",\"datePublished\":\"2013-07-12T12:06:58+00:00\",\"mainEntityOfPage\":{\"@id\":\"https:\\\/\\\/jornalbeirario.com.br\\\/portal\\\/?p=12246\"},\"wordCount\":740,\"commentCount\":0,\"publisher\":{\"@id\":\"https:\\\/\\\/jornalbeirario.com.br\\\/portal\\\/#organization\"},\"keywords\":[\"dehoraemhora\"],\"articleSection\":[\"Opini\u00e3o\"],\"inLanguage\":\"pt-BR\",\"potentialAction\":[{\"@type\":\"CommentAction\",\"name\":\"Comment\",\"target\":[\"https:\\\/\\\/jornalbeirario.com.br\\\/portal\\\/?p=12246#respond\"]}]},{\"@type\":\"WebPage\",\"@id\":\"https:\\\/\\\/jornalbeirario.com.br\\\/portal\\\/?p=12246\",\"url\":\"https:\\\/\\\/jornalbeirario.com.br\\\/portal\\\/?p=12246\",\"name\":\"QUEM PENSA? #curaResende! - JORNAL BEIRA RIO\",\"isPartOf\":{\"@id\":\"https:\\\/\\\/jornalbeirario.com.br\\\/portal\\\/#website\"},\"datePublished\":\"2013-07-12T12:06:58+00:00\",\"breadcrumb\":{\"@id\":\"https:\\\/\\\/jornalbeirario.com.br\\\/portal\\\/?p=12246#breadcrumb\"},\"inLanguage\":\"pt-BR\",\"potentialAction\":[{\"@type\":\"ReadAction\",\"target\":[\"https:\\\/\\\/jornalbeirario.com.br\\\/portal\\\/?p=12246\"]}]},{\"@type\":\"BreadcrumbList\",\"@id\":\"https:\\\/\\\/jornalbeirario.com.br\\\/portal\\\/?p=12246#breadcrumb\",\"itemListElement\":[{\"@type\":\"ListItem\",\"position\":1,\"name\":\"Home\",\"item\":\"https:\\\/\\\/jornalbeirario.com.br\\\/portal\"},{\"@type\":\"ListItem\",\"position\":2,\"name\":\"QUEM PENSA? #curaResende!\"}]},{\"@type\":\"WebSite\",\"@id\":\"https:\\\/\\\/jornalbeirario.com.br\\\/portal\\\/#website\",\"url\":\"https:\\\/\\\/jornalbeirario.com.br\\\/portal\\\/\",\"name\":\"JORNAL BEIRA RIO\",\"description\":\"\",\"publisher\":{\"@id\":\"https:\\\/\\\/jornalbeirario.com.br\\\/portal\\\/#organization\"},\"potentialAction\":[{\"@type\":\"SearchAction\",\"target\":{\"@type\":\"EntryPoint\",\"urlTemplate\":\"https:\\\/\\\/jornalbeirario.com.br\\\/portal\\\/?s={search_term_string}\"},\"query-input\":{\"@type\":\"PropertyValueSpecification\",\"valueRequired\":true,\"valueName\":\"search_term_string\"}}],\"inLanguage\":\"pt-BR\"},{\"@type\":\"Organization\",\"@id\":\"https:\\\/\\\/jornalbeirario.com.br\\\/portal\\\/#organization\",\"name\":\"JORNAL BEIRA RIO\",\"url\":\"https:\\\/\\\/jornalbeirario.com.br\\\/portal\\\/\",\"logo\":{\"@type\":\"ImageObject\",\"inLanguage\":\"pt-BR\",\"@id\":\"https:\\\/\\\/jornalbeirario.com.br\\\/portal\\\/#\\\/schema\\\/logo\\\/image\\\/\",\"url\":\"https:\\\/\\\/jornalbeirario.com.br\\\/portal\\\/wp-content\\\/uploads\\\/2017\\\/09\\\/BEIRA-RIO_logo600.png\",\"contentUrl\":\"https:\\\/\\\/jornalbeirario.com.br\\\/portal\\\/wp-content\\\/uploads\\\/2017\\\/09\\\/BEIRA-RIO_logo600.png\",\"width\":650,\"height\":108,\"caption\":\"JORNAL BEIRA RIO\"},\"image\":{\"@id\":\"https:\\\/\\\/jornalbeirario.com.br\\\/portal\\\/#\\\/schema\\\/logo\\\/image\\\/\"}},{\"@type\":\"Person\",\"@id\":\"https:\\\/\\\/jornalbeirario.com.br\\\/portal\\\/#\\\/schema\\\/person\\\/c6c423e4c2465d2a9233f6539173e7c1\",\"name\":\"Jornal BEIRA-RIO\",\"image\":{\"@type\":\"ImageObject\",\"inLanguage\":\"pt-BR\",\"@id\":\"https:\\\/\\\/jornalbeirario.com.br\\\/portal\\\/wp-content\\\/uploads\\\/2023\\\/10\\\/logojbr1.jpg\",\"url\":\"https:\\\/\\\/jornalbeirario.com.br\\\/portal\\\/wp-content\\\/uploads\\\/2023\\\/10\\\/logojbr1.jpg\",\"contentUrl\":\"https:\\\/\\\/jornalbeirario.com.br\\\/portal\\\/wp-content\\\/uploads\\\/2023\\\/10\\\/logojbr1.jpg\",\"caption\":\"Jornal BEIRA-RIO\"},\"url\":\"https:\\\/\\\/jornalbeirario.com.br\\\/portal\\\/?author=1\"}]}<\/script>\n<!-- \/ Yoast SEO plugin. -->","yoast_head_json":{"title":"QUEM PENSA? #curaResende! - JORNAL BEIRA RIO","robots":{"index":"index","follow":"follow","max-snippet":"max-snippet:-1","max-image-preview":"max-image-preview:large","max-video-preview":"max-video-preview:-1"},"canonical":"https:\/\/jornalbeirario.com.br\/portal\/?p=12246","og_locale":"pt_BR","og_type":"article","og_title":"QUEM PENSA? #curaResende! - JORNAL BEIRA RIO","og_description":"Na onda das hashtags mais famosas que incluem a palavra \u201ccura\u201d, se a mim fosse dada a possibilidade de escolher uma para o munic\u00edpio","og_url":"https:\/\/jornalbeirario.com.br\/portal\/?p=12246","og_site_name":"JORNAL BEIRA RIO","article_published_time":"2013-07-12T12:06:58+00:00","author":"Jornal BEIRA-RIO","twitter_card":"summary_large_image","twitter_misc":{"Escrito por":"Jornal BEIRA-RIO","Est. tempo de leitura":"4 minutos"},"schema":{"@context":"https:\/\/schema.org","@graph":[{"@type":"Article","@id":"https:\/\/jornalbeirario.com.br\/portal\/?p=12246#article","isPartOf":{"@id":"https:\/\/jornalbeirario.com.br\/portal\/?p=12246"},"author":{"name":"Jornal BEIRA-RIO","@id":"https:\/\/jornalbeirario.com.br\/portal\/#\/schema\/person\/c6c423e4c2465d2a9233f6539173e7c1"},"headline":"QUEM PENSA? #curaResende!","datePublished":"2013-07-12T12:06:58+00:00","mainEntityOfPage":{"@id":"https:\/\/jornalbeirario.com.br\/portal\/?p=12246"},"wordCount":740,"commentCount":0,"publisher":{"@id":"https:\/\/jornalbeirario.com.br\/portal\/#organization"},"keywords":["dehoraemhora"],"articleSection":["Opini\u00e3o"],"inLanguage":"pt-BR","potentialAction":[{"@type":"CommentAction","name":"Comment","target":["https:\/\/jornalbeirario.com.br\/portal\/?p=12246#respond"]}]},{"@type":"WebPage","@id":"https:\/\/jornalbeirario.com.br\/portal\/?p=12246","url":"https:\/\/jornalbeirario.com.br\/portal\/?p=12246","name":"QUEM PENSA? #curaResende! - JORNAL BEIRA RIO","isPartOf":{"@id":"https:\/\/jornalbeirario.com.br\/portal\/#website"},"datePublished":"2013-07-12T12:06:58+00:00","breadcrumb":{"@id":"https:\/\/jornalbeirario.com.br\/portal\/?p=12246#breadcrumb"},"inLanguage":"pt-BR","potentialAction":[{"@type":"ReadAction","target":["https:\/\/jornalbeirario.com.br\/portal\/?p=12246"]}]},{"@type":"BreadcrumbList","@id":"https:\/\/jornalbeirario.com.br\/portal\/?p=12246#breadcrumb","itemListElement":[{"@type":"ListItem","position":1,"name":"Home","item":"https:\/\/jornalbeirario.com.br\/portal"},{"@type":"ListItem","position":2,"name":"QUEM PENSA? #curaResende!"}]},{"@type":"WebSite","@id":"https:\/\/jornalbeirario.com.br\/portal\/#website","url":"https:\/\/jornalbeirario.com.br\/portal\/","name":"JORNAL BEIRA RIO","description":"","publisher":{"@id":"https:\/\/jornalbeirario.com.br\/portal\/#organization"},"potentialAction":[{"@type":"SearchAction","target":{"@type":"EntryPoint","urlTemplate":"https:\/\/jornalbeirario.com.br\/portal\/?s={search_term_string}"},"query-input":{"@type":"PropertyValueSpecification","valueRequired":true,"valueName":"search_term_string"}}],"inLanguage":"pt-BR"},{"@type":"Organization","@id":"https:\/\/jornalbeirario.com.br\/portal\/#organization","name":"JORNAL BEIRA RIO","url":"https:\/\/jornalbeirario.com.br\/portal\/","logo":{"@type":"ImageObject","inLanguage":"pt-BR","@id":"https:\/\/jornalbeirario.com.br\/portal\/#\/schema\/logo\/image\/","url":"https:\/\/jornalbeirario.com.br\/portal\/wp-content\/uploads\/2017\/09\/BEIRA-RIO_logo600.png","contentUrl":"https:\/\/jornalbeirario.com.br\/portal\/wp-content\/uploads\/2017\/09\/BEIRA-RIO_logo600.png","width":650,"height":108,"caption":"JORNAL BEIRA RIO"},"image":{"@id":"https:\/\/jornalbeirario.com.br\/portal\/#\/schema\/logo\/image\/"}},{"@type":"Person","@id":"https:\/\/jornalbeirario.com.br\/portal\/#\/schema\/person\/c6c423e4c2465d2a9233f6539173e7c1","name":"Jornal BEIRA-RIO","image":{"@type":"ImageObject","inLanguage":"pt-BR","@id":"https:\/\/jornalbeirario.com.br\/portal\/wp-content\/uploads\/2023\/10\/logojbr1.jpg","url":"https:\/\/jornalbeirario.com.br\/portal\/wp-content\/uploads\/2023\/10\/logojbr1.jpg","contentUrl":"https:\/\/jornalbeirario.com.br\/portal\/wp-content\/uploads\/2023\/10\/logojbr1.jpg","caption":"Jornal BEIRA-RIO"},"url":"https:\/\/jornalbeirario.com.br\/portal\/?author=1"}]}},"_links":{"self":[{"href":"https:\/\/jornalbeirario.com.br\/portal\/index.php?rest_route=\/wp\/v2\/posts\/12246","targetHints":{"allow":["GET"]}}],"collection":[{"href":"https:\/\/jornalbeirario.com.br\/portal\/index.php?rest_route=\/wp\/v2\/posts"}],"about":[{"href":"https:\/\/jornalbeirario.com.br\/portal\/index.php?rest_route=\/wp\/v2\/types\/post"}],"author":[{"embeddable":true,"href":"https:\/\/jornalbeirario.com.br\/portal\/index.php?rest_route=\/wp\/v2\/users\/1"}],"replies":[{"embeddable":true,"href":"https:\/\/jornalbeirario.com.br\/portal\/index.php?rest_route=%2Fwp%2Fv2%2Fcomments&post=12246"}],"version-history":[{"count":1,"href":"https:\/\/jornalbeirario.com.br\/portal\/index.php?rest_route=\/wp\/v2\/posts\/12246\/revisions"}],"predecessor-version":[{"id":12247,"href":"https:\/\/jornalbeirario.com.br\/portal\/index.php?rest_route=\/wp\/v2\/posts\/12246\/revisions\/12247"}],"wp:attachment":[{"href":"https:\/\/jornalbeirario.com.br\/portal\/index.php?rest_route=%2Fwp%2Fv2%2Fmedia&parent=12246"}],"wp:term":[{"taxonomy":"category","embeddable":true,"href":"https:\/\/jornalbeirario.com.br\/portal\/index.php?rest_route=%2Fwp%2Fv2%2Fcategories&post=12246"},{"taxonomy":"post_tag","embeddable":true,"href":"https:\/\/jornalbeirario.com.br\/portal\/index.php?rest_route=%2Fwp%2Fv2%2Ftags&post=12246"}],"curies":[{"name":"wp","href":"https:\/\/api.w.org\/{rel}","templated":true}]}}