
{"id":12242,"date":"2013-07-12T12:05:11","date_gmt":"2013-07-12T12:05:11","guid":{"rendered":"http:\/\/jornalbeirario.com.br\/portal\/portal\/?p=12242"},"modified":"2013-07-12T12:05:11","modified_gmt":"2013-07-12T12:05:11","slug":"social-lais-amaral-15","status":"publish","type":"post","link":"https:\/\/jornalbeirario.com.br\/portal\/?p=12242","title":{"rendered":"SOCIAL LA\u00cdS AMARAL"},"content":{"rendered":"<p style=\"text-align: justify;\">A prepot\u00eancia do Imp\u00e9rio norte-americano. Inaceit\u00e1vel<br \/>\nRecentemente o ex-agente da Cia. Edward Snowden revelou o escandaloso desrespeito do governo dos Estados Unidos aos direitos individuais dos norte-americanos, bisbilhotando telefonemas, e-mails, facebook, etc. Com a mesma desculpa de sempre: combater o terrorismo. S\u00f3 pra lembrar: o governo americano fora informado pelo governo russo da exist\u00eancia daqueles aloprados em Boston. Nem bisbilhotando e nem com aviso dos russos conseguiram evitar o atentando naquela cidade. Incompetentes. Mas voltando ao tema da indigna\u00e7\u00e3o das primeiras linhas, lembro quando li \u201c1984\u201d, ainda na d\u00e9cada de 70, e das discuss\u00f5es que participei. Era dif\u00edcil conceber o \u2018Big Brother\u2019. Mas invariavelmente as conclus\u00f5es sobre as previs\u00f5es do ingl\u00eas tendiam a entender o estado totalit\u00e1rio desenhado no romance escrito ainda na d\u00e9cada de 40, como algo pr\u00f3ximo de um pa\u00eds comunista, pesado e vetusto. E n\u00e3o \u00e9 que o estado opressor, que monitora seus cidad\u00e3os \u00e9 o decantado defensor da democracia no mundo ?! Nem Stalin foi t\u00e3o longe. E para potencializar nossa indigna\u00e7\u00e3o, crendo na m\u00e1xima que diz que o que est\u00e1 ruim pode piorar, Snowden \u2013 o grande her\u00f3i dos tempos atuais \u2013 nos informa que a bisbilhotice sobre a vida privada praticada pelo governo americano, n\u00e3o se limita aos cidad\u00e3os daquele pa\u00eds, se estendendo mundo a fora. Inclusive ao nosso. Hoje tenho mais desencanto do que admira\u00e7\u00e3o pelo Obama e me incomoda sobremaneira saber que ele pode estar lendo as confid\u00eancias e juras secretas que mando por e-mails para minha amada. L\u00e1 (USA) uma pesquisa apontou que 56% da popula\u00e7\u00e3o aprovou o desrespeito \u00e0s individualidades com a justificativa da seguran\u00e7a do coletivo (mas 41% n\u00e3o aceitaram). Aquele povo \u00e9 a primeira v\u00edtima de um sistema, este sim, terrorista, que invade pa\u00edses com desculpas esfarrapas, mata inocentes, mant\u00e9m bases militares em todo mundo, tem um campo de concentra\u00e7\u00e3o que envergonha os verdadeiros democratas e por a\u00ed vai. O Congresso Nacional precisa aprovar rapidamente o marco civil que define direitos e deveres de usu\u00e1rios e prestadores de servi\u00e7os relacionados \u00e0 Internet para n\u00e3o ficarmos nas m\u00e3os das empresas americanas, que aqui s\u00e3o reguladas pelas leis antiterror deles. Essa doen\u00e7a \u00e9 deles. Odiados s\u00e3o eles. Sai pra l\u00e1 !<\/p>\n<p>Resende tem uma das melhores cacha\u00e7as do mundo: Reserva do Nosco<br \/>\nA excelente cacha\u00e7a \u2018Reserva do Nosco\u2019 que meu amigo Marcelo Nordskog produz em Engenheiro Passos acaba de conquistar a terceira premia\u00e7\u00e3o em um ano. Depois de ser considerada a melhor cacha\u00e7a do Estado do Rio de Janeiro, a \u2018Reserva do Nosco\u2019 faturou agora duas medalhas de prata nas duas categorias que participou (branca e envelhecida) no principal concurso de bebidas no mundo (Concours Mondial de Bruxelles) que fez uma edi\u00e7\u00e3o no Brasil com a participa\u00e7\u00e3o de 72 cacha\u00e7as de todo o pa\u00eds. Acompanho o empenho e o cuidado do Marcelo em produzir uma cacha\u00e7a de qualidade, e sugiro aos apreciadores que ainda n\u00e3o conhecem a \u2018Reserva do Nosco\u2019 &#8211; certamente entre as 15 melhores do Brasil, que n\u00e3o percam tempo. Mas bebam com modera\u00e7\u00e3o e se forem dirigir&#8230;voces j\u00e1 sabem. Parab\u00e9ns Marcel\u00e3o.<\/p>\n<p>TRIPA<br \/>\n* CONFER\u00caNCIA DE CULTURA: Acontece amanh\u00e3, dia 13, no Espa\u00e7o \u2018Z\u2019, a 4\u00aa Confer\u00eancia Municipal de Cultura com o tema \u201cUma pol\u00edtica de estado para a cultura: desafios do sistema nacional de cultura\u201d. Na ocasi\u00e3o ser\u00e3o eleitos os delegados \u00e0 confer\u00eancia estadual e ser\u00e1 renovado o Conselho Municipal de Cultura para os pr\u00f3ximos dois anos. O conselho de cultura \u00e9 composto de catorze membros, sete governamentais e sete da sociedade civil. O credenciamento come\u00e7a 8 horas e a abertura da conferencia est\u00e1 prevista para as 9 horas. A previs\u00e3o de encerramento \u00e9 17 horas * Hoje, dia 12, o grupo de choro \u2018N\u00f3s nas Cordas\u2019, liderado pelo 7 cordas Jo\u00e3o Paulo retoma um projeto musical em Resende: \u2018M\u00fasica na Pra\u00e7a\u2019 que come\u00e7a \u00e0s 19 horas na Pra\u00e7a Oliveira Botelho. Al\u00e9m de Jo\u00e3o estar\u00e3o no palco Zeca (flauta), Chiquinho (pandeiro) e Bruno (cavaquinho) * Neste final de semana (dias 12, 13 e 14) acontece o tradicional \u201cArrai\u00e1 da Sagrada Fam\u00edlia\u201d, na Comunidade Brilho da Sagrada Fam\u00edlia, na Rua do Ros\u00e1rio, no centro de Resende. A partir das 19 horas (domingo \u00e0s 17 h). Vai rolar de tudo que \u00e9 t\u00edpico: quadrilha, comes e bebes da \u00e9poca, brincadeiras infantis, apresenta\u00e7\u00e3o de dan\u00e7a e m\u00fasica de raiz com o grupo \u201cBrilho Sertanejo\u201d. Entrada franca.* Os interessados em participar do tradicional \u2018Sal\u00e3o da Primavera\u2019 j\u00e1 podem fazer suas inscri\u00e7\u00f5es que s\u00e3o gratuitas. Poder\u00e3o ser inscritas at\u00e9 tr\u00eas obras para cada t\u00e9cnica, por artista, acompanhadas da respectiva ficha de inscri\u00e7\u00e3o, integralmente preenchida do curriculum vitae. Os telefones do Museu de Arte Moderna de Resende s\u00e3o: (24)3360 6155 | 3360 4470 e o Site: www.mamresende.blogspot.com * E amanh\u00e3 a \u2018Rua da M\u00fasica\u201d, apresenta a partir das 11h30min.: Aniceto Jazz Band, com um show de jazz tradicional. A \u2018Rua da M\u00fasica\u2019 \u00e9 realizada na Pra\u00e7a da Bandeira, em Campos El\u00edseos e a vai at\u00e9 \u00e0s 13h30min * Tamb\u00e9m amanh\u00e3 a partir meio dia Thiago Zaidan e seus convidados e Diogo Guimar\u00e3es, com o \u2018Clube do Samba\u2019 reabrem o Zero Grau, com samba a partir do meio dia. \u00d3tima pedida.<\/p>\n<p>ANIVERS\u00c1RIOS<br \/>\nReceberam os parab\u00e9ns na ter\u00e7a-feira, dia 9, o Jacson Andrade e o Domingues Domini. Na quarta, dia 10, inauguram idade nova os amigos: Juliana Borges, Guido de Castro, Rubens Almada e Ricardinho de Mau\u00e1. Ontem, 11, ficou mais experiente o super-gente-fina, Larens. Hoje, 12, as amigas Gina Castro, colega de trabalho, a Gilmara Concei\u00e7\u00e3o, que est\u00e1 morando em Portugal e o feliz botafoguense, Marcus Vin\u00edcius tamb\u00e9m mudam de idade. Fechando a semana, domingo, dia 14, contam mais um ano de vida os amigos Rodrigo Camargos, M\u00e1rcio Regis e M\u00e1rio Rodrigues. Tamb\u00e9m no domingo completa quatro meses a Anelisse filha do casal de corujas, Birigui e Elaine. Parab\u00e9ns e todas as felicidades do mundo a eles.<\/p>\n","protected":false},"excerpt":{"rendered":"<p>A prepot\u00eancia do Imp\u00e9rio norte-americano. Inaceit\u00e1vel Recentemente o ex-agente da Cia. Edward Snowden revelou o escandaloso desrespeito do governo dos Estados Unidos aos direitos<\/p>\n","protected":false},"author":1,"featured_media":0,"comment_status":"open","ping_status":"open","sticky":false,"template":"","format":"standard","meta":{"pmpro_default_level":"","footnotes":""},"categories":[13],"tags":[],"class_list":["post-12242","post","type-post","status-publish","format-standard","hentry","category-social","pmpro-has-access"],"yoast_head":"<!-- This site is optimized with the Yoast SEO plugin v27.4 - https:\/\/yoast.com\/product\/yoast-seo-wordpress\/ -->\n<title>SOCIAL LA\u00cdS AMARAL - JORNAL BEIRA RIO<\/title>\n<meta name=\"robots\" content=\"index, follow, max-snippet:-1, max-image-preview:large, max-video-preview:-1\" \/>\n<link rel=\"canonical\" href=\"https:\/\/jornalbeirario.com.br\/portal\/?p=12242\" \/>\n<meta property=\"og:locale\" content=\"pt_BR\" \/>\n<meta property=\"og:type\" content=\"article\" \/>\n<meta property=\"og:title\" content=\"SOCIAL LA\u00cdS AMARAL - JORNAL BEIRA RIO\" \/>\n<meta property=\"og:description\" content=\"A prepot\u00eancia do Imp\u00e9rio norte-americano. Inaceit\u00e1vel Recentemente o ex-agente da Cia. Edward Snowden revelou o escandaloso desrespeito do governo dos Estados Unidos aos direitos\" \/>\n<meta property=\"og:url\" content=\"https:\/\/jornalbeirario.com.br\/portal\/?p=12242\" \/>\n<meta property=\"og:site_name\" content=\"JORNAL BEIRA RIO\" \/>\n<meta property=\"article:published_time\" content=\"2013-07-12T12:05:11+00:00\" \/>\n<meta name=\"author\" content=\"Jornal BEIRA-RIO\" \/>\n<meta name=\"twitter:card\" content=\"summary_large_image\" \/>\n<meta name=\"twitter:label1\" content=\"Escrito por\" \/>\n\t<meta name=\"twitter:data1\" content=\"Jornal BEIRA-RIO\" \/>\n\t<meta name=\"twitter:label2\" content=\"Est. tempo de leitura\" \/>\n\t<meta name=\"twitter:data2\" content=\"5 minutos\" \/>\n<script type=\"application\/ld+json\" class=\"yoast-schema-graph\">{\"@context\":\"https:\\\/\\\/schema.org\",\"@graph\":[{\"@type\":\"Article\",\"@id\":\"https:\\\/\\\/jornalbeirario.com.br\\\/portal\\\/?p=12242#article\",\"isPartOf\":{\"@id\":\"https:\\\/\\\/jornalbeirario.com.br\\\/portal\\\/?p=12242\"},\"author\":{\"name\":\"Jornal BEIRA-RIO\",\"@id\":\"https:\\\/\\\/jornalbeirario.com.br\\\/portal\\\/#\\\/schema\\\/person\\\/c6c423e4c2465d2a9233f6539173e7c1\"},\"headline\":\"SOCIAL LA\u00cdS AMARAL\",\"datePublished\":\"2013-07-12T12:05:11+00:00\",\"mainEntityOfPage\":{\"@id\":\"https:\\\/\\\/jornalbeirario.com.br\\\/portal\\\/?p=12242\"},\"wordCount\":1028,\"commentCount\":0,\"publisher\":{\"@id\":\"https:\\\/\\\/jornalbeirario.com.br\\\/portal\\\/#organization\"},\"articleSection\":[\"Social\"],\"inLanguage\":\"pt-BR\",\"potentialAction\":[{\"@type\":\"CommentAction\",\"name\":\"Comment\",\"target\":[\"https:\\\/\\\/jornalbeirario.com.br\\\/portal\\\/?p=12242#respond\"]}]},{\"@type\":\"WebPage\",\"@id\":\"https:\\\/\\\/jornalbeirario.com.br\\\/portal\\\/?p=12242\",\"url\":\"https:\\\/\\\/jornalbeirario.com.br\\\/portal\\\/?p=12242\",\"name\":\"SOCIAL LA\u00cdS AMARAL - JORNAL BEIRA RIO\",\"isPartOf\":{\"@id\":\"https:\\\/\\\/jornalbeirario.com.br\\\/portal\\\/#website\"},\"datePublished\":\"2013-07-12T12:05:11+00:00\",\"breadcrumb\":{\"@id\":\"https:\\\/\\\/jornalbeirario.com.br\\\/portal\\\/?p=12242#breadcrumb\"},\"inLanguage\":\"pt-BR\",\"potentialAction\":[{\"@type\":\"ReadAction\",\"target\":[\"https:\\\/\\\/jornalbeirario.com.br\\\/portal\\\/?p=12242\"]}]},{\"@type\":\"BreadcrumbList\",\"@id\":\"https:\\\/\\\/jornalbeirario.com.br\\\/portal\\\/?p=12242#breadcrumb\",\"itemListElement\":[{\"@type\":\"ListItem\",\"position\":1,\"name\":\"Home\",\"item\":\"https:\\\/\\\/jornalbeirario.com.br\\\/portal\"},{\"@type\":\"ListItem\",\"position\":2,\"name\":\"SOCIAL LA\u00cdS AMARAL\"}]},{\"@type\":\"WebSite\",\"@id\":\"https:\\\/\\\/jornalbeirario.com.br\\\/portal\\\/#website\",\"url\":\"https:\\\/\\\/jornalbeirario.com.br\\\/portal\\\/\",\"name\":\"JORNAL BEIRA RIO\",\"description\":\"\",\"publisher\":{\"@id\":\"https:\\\/\\\/jornalbeirario.com.br\\\/portal\\\/#organization\"},\"potentialAction\":[{\"@type\":\"SearchAction\",\"target\":{\"@type\":\"EntryPoint\",\"urlTemplate\":\"https:\\\/\\\/jornalbeirario.com.br\\\/portal\\\/?s={search_term_string}\"},\"query-input\":{\"@type\":\"PropertyValueSpecification\",\"valueRequired\":true,\"valueName\":\"search_term_string\"}}],\"inLanguage\":\"pt-BR\"},{\"@type\":\"Organization\",\"@id\":\"https:\\\/\\\/jornalbeirario.com.br\\\/portal\\\/#organization\",\"name\":\"JORNAL BEIRA RIO\",\"url\":\"https:\\\/\\\/jornalbeirario.com.br\\\/portal\\\/\",\"logo\":{\"@type\":\"ImageObject\",\"inLanguage\":\"pt-BR\",\"@id\":\"https:\\\/\\\/jornalbeirario.com.br\\\/portal\\\/#\\\/schema\\\/logo\\\/image\\\/\",\"url\":\"https:\\\/\\\/jornalbeirario.com.br\\\/portal\\\/wp-content\\\/uploads\\\/2017\\\/09\\\/BEIRA-RIO_logo600.png\",\"contentUrl\":\"https:\\\/\\\/jornalbeirario.com.br\\\/portal\\\/wp-content\\\/uploads\\\/2017\\\/09\\\/BEIRA-RIO_logo600.png\",\"width\":650,\"height\":108,\"caption\":\"JORNAL BEIRA RIO\"},\"image\":{\"@id\":\"https:\\\/\\\/jornalbeirario.com.br\\\/portal\\\/#\\\/schema\\\/logo\\\/image\\\/\"}},{\"@type\":\"Person\",\"@id\":\"https:\\\/\\\/jornalbeirario.com.br\\\/portal\\\/#\\\/schema\\\/person\\\/c6c423e4c2465d2a9233f6539173e7c1\",\"name\":\"Jornal BEIRA-RIO\",\"image\":{\"@type\":\"ImageObject\",\"inLanguage\":\"pt-BR\",\"@id\":\"https:\\\/\\\/jornalbeirario.com.br\\\/portal\\\/wp-content\\\/uploads\\\/2023\\\/10\\\/logojbr1.jpg\",\"url\":\"https:\\\/\\\/jornalbeirario.com.br\\\/portal\\\/wp-content\\\/uploads\\\/2023\\\/10\\\/logojbr1.jpg\",\"contentUrl\":\"https:\\\/\\\/jornalbeirario.com.br\\\/portal\\\/wp-content\\\/uploads\\\/2023\\\/10\\\/logojbr1.jpg\",\"caption\":\"Jornal BEIRA-RIO\"},\"url\":\"https:\\\/\\\/jornalbeirario.com.br\\\/portal\\\/?author=1\"}]}<\/script>\n<!-- \/ Yoast SEO plugin. -->","yoast_head_json":{"title":"SOCIAL LA\u00cdS AMARAL - JORNAL BEIRA RIO","robots":{"index":"index","follow":"follow","max-snippet":"max-snippet:-1","max-image-preview":"max-image-preview:large","max-video-preview":"max-video-preview:-1"},"canonical":"https:\/\/jornalbeirario.com.br\/portal\/?p=12242","og_locale":"pt_BR","og_type":"article","og_title":"SOCIAL LA\u00cdS AMARAL - JORNAL BEIRA RIO","og_description":"A prepot\u00eancia do Imp\u00e9rio norte-americano. Inaceit\u00e1vel Recentemente o ex-agente da Cia. Edward Snowden revelou o escandaloso desrespeito do governo dos Estados Unidos aos direitos","og_url":"https:\/\/jornalbeirario.com.br\/portal\/?p=12242","og_site_name":"JORNAL BEIRA RIO","article_published_time":"2013-07-12T12:05:11+00:00","author":"Jornal BEIRA-RIO","twitter_card":"summary_large_image","twitter_misc":{"Escrito por":"Jornal BEIRA-RIO","Est. tempo de leitura":"5 minutos"},"schema":{"@context":"https:\/\/schema.org","@graph":[{"@type":"Article","@id":"https:\/\/jornalbeirario.com.br\/portal\/?p=12242#article","isPartOf":{"@id":"https:\/\/jornalbeirario.com.br\/portal\/?p=12242"},"author":{"name":"Jornal BEIRA-RIO","@id":"https:\/\/jornalbeirario.com.br\/portal\/#\/schema\/person\/c6c423e4c2465d2a9233f6539173e7c1"},"headline":"SOCIAL LA\u00cdS AMARAL","datePublished":"2013-07-12T12:05:11+00:00","mainEntityOfPage":{"@id":"https:\/\/jornalbeirario.com.br\/portal\/?p=12242"},"wordCount":1028,"commentCount":0,"publisher":{"@id":"https:\/\/jornalbeirario.com.br\/portal\/#organization"},"articleSection":["Social"],"inLanguage":"pt-BR","potentialAction":[{"@type":"CommentAction","name":"Comment","target":["https:\/\/jornalbeirario.com.br\/portal\/?p=12242#respond"]}]},{"@type":"WebPage","@id":"https:\/\/jornalbeirario.com.br\/portal\/?p=12242","url":"https:\/\/jornalbeirario.com.br\/portal\/?p=12242","name":"SOCIAL LA\u00cdS AMARAL - JORNAL BEIRA RIO","isPartOf":{"@id":"https:\/\/jornalbeirario.com.br\/portal\/#website"},"datePublished":"2013-07-12T12:05:11+00:00","breadcrumb":{"@id":"https:\/\/jornalbeirario.com.br\/portal\/?p=12242#breadcrumb"},"inLanguage":"pt-BR","potentialAction":[{"@type":"ReadAction","target":["https:\/\/jornalbeirario.com.br\/portal\/?p=12242"]}]},{"@type":"BreadcrumbList","@id":"https:\/\/jornalbeirario.com.br\/portal\/?p=12242#breadcrumb","itemListElement":[{"@type":"ListItem","position":1,"name":"Home","item":"https:\/\/jornalbeirario.com.br\/portal"},{"@type":"ListItem","position":2,"name":"SOCIAL LA\u00cdS AMARAL"}]},{"@type":"WebSite","@id":"https:\/\/jornalbeirario.com.br\/portal\/#website","url":"https:\/\/jornalbeirario.com.br\/portal\/","name":"JORNAL BEIRA RIO","description":"","publisher":{"@id":"https:\/\/jornalbeirario.com.br\/portal\/#organization"},"potentialAction":[{"@type":"SearchAction","target":{"@type":"EntryPoint","urlTemplate":"https:\/\/jornalbeirario.com.br\/portal\/?s={search_term_string}"},"query-input":{"@type":"PropertyValueSpecification","valueRequired":true,"valueName":"search_term_string"}}],"inLanguage":"pt-BR"},{"@type":"Organization","@id":"https:\/\/jornalbeirario.com.br\/portal\/#organization","name":"JORNAL BEIRA RIO","url":"https:\/\/jornalbeirario.com.br\/portal\/","logo":{"@type":"ImageObject","inLanguage":"pt-BR","@id":"https:\/\/jornalbeirario.com.br\/portal\/#\/schema\/logo\/image\/","url":"https:\/\/jornalbeirario.com.br\/portal\/wp-content\/uploads\/2017\/09\/BEIRA-RIO_logo600.png","contentUrl":"https:\/\/jornalbeirario.com.br\/portal\/wp-content\/uploads\/2017\/09\/BEIRA-RIO_logo600.png","width":650,"height":108,"caption":"JORNAL BEIRA RIO"},"image":{"@id":"https:\/\/jornalbeirario.com.br\/portal\/#\/schema\/logo\/image\/"}},{"@type":"Person","@id":"https:\/\/jornalbeirario.com.br\/portal\/#\/schema\/person\/c6c423e4c2465d2a9233f6539173e7c1","name":"Jornal BEIRA-RIO","image":{"@type":"ImageObject","inLanguage":"pt-BR","@id":"https:\/\/jornalbeirario.com.br\/portal\/wp-content\/uploads\/2023\/10\/logojbr1.jpg","url":"https:\/\/jornalbeirario.com.br\/portal\/wp-content\/uploads\/2023\/10\/logojbr1.jpg","contentUrl":"https:\/\/jornalbeirario.com.br\/portal\/wp-content\/uploads\/2023\/10\/logojbr1.jpg","caption":"Jornal BEIRA-RIO"},"url":"https:\/\/jornalbeirario.com.br\/portal\/?author=1"}]}},"_links":{"self":[{"href":"https:\/\/jornalbeirario.com.br\/portal\/index.php?rest_route=\/wp\/v2\/posts\/12242","targetHints":{"allow":["GET"]}}],"collection":[{"href":"https:\/\/jornalbeirario.com.br\/portal\/index.php?rest_route=\/wp\/v2\/posts"}],"about":[{"href":"https:\/\/jornalbeirario.com.br\/portal\/index.php?rest_route=\/wp\/v2\/types\/post"}],"author":[{"embeddable":true,"href":"https:\/\/jornalbeirario.com.br\/portal\/index.php?rest_route=\/wp\/v2\/users\/1"}],"replies":[{"embeddable":true,"href":"https:\/\/jornalbeirario.com.br\/portal\/index.php?rest_route=%2Fwp%2Fv2%2Fcomments&post=12242"}],"version-history":[{"count":1,"href":"https:\/\/jornalbeirario.com.br\/portal\/index.php?rest_route=\/wp\/v2\/posts\/12242\/revisions"}],"predecessor-version":[{"id":12243,"href":"https:\/\/jornalbeirario.com.br\/portal\/index.php?rest_route=\/wp\/v2\/posts\/12242\/revisions\/12243"}],"wp:attachment":[{"href":"https:\/\/jornalbeirario.com.br\/portal\/index.php?rest_route=%2Fwp%2Fv2%2Fmedia&parent=12242"}],"wp:term":[{"taxonomy":"category","embeddable":true,"href":"https:\/\/jornalbeirario.com.br\/portal\/index.php?rest_route=%2Fwp%2Fv2%2Fcategories&post=12242"},{"taxonomy":"post_tag","embeddable":true,"href":"https:\/\/jornalbeirario.com.br\/portal\/index.php?rest_route=%2Fwp%2Fv2%2Ftags&post=12242"}],"curies":[{"name":"wp","href":"https:\/\/api.w.org\/{rel}","templated":true}]}}