
{"id":12240,"date":"2013-07-12T12:04:32","date_gmt":"2013-07-12T12:04:32","guid":{"rendered":"http:\/\/jornalbeirario.com.br\/portal\/portal\/?p=12240"},"modified":"2013-07-12T12:04:32","modified_gmt":"2013-07-12T12:04:32","slug":"acredite-se-quiser-36","status":"publish","type":"post","link":"https:\/\/jornalbeirario.com.br\/portal\/?p=12240","title":{"rendered":"Acredite se Quiser"},"content":{"rendered":"<p style=\"text-align: justify;\">&#8211; O ex-vereador e m\u00e9dico Gl\u00e1ucio Julianelli que, em 2012, surpreendeu Resende ao n\u00e3o tentar a reelei\u00e7\u00e3o a vereador pelo PSB, entregou essa semana sua carta de desfilia\u00e7\u00e3o do partido que \u00e9 base do governo Rechuan. Julianelli que apoiou Rechuan em 2008, ao longo de seu mandato come\u00e7ou a discordar da condu\u00e7\u00e3o da pol\u00edtica na cidade. O m\u00e9dico Julianelli n\u00e3o teve apoio do partido e sua sa\u00edda \u00e9 esperada desde o final do ano passado. Para onde Julianelli ir\u00e1 ainda \u00e9 uma inc\u00f3gnita: muitos partidos o procuram e aparentemente sua d\u00favida est\u00e1 entre o PT e o PSOL.<\/p>\n<p>&#8211; Ainda sobre Julianelli&#8230;. contam os bem informados, que o seu ex-partido tentou inclusive prejudic\u00e1-lo entrando na Justi\u00e7a para questionar contribui\u00e7\u00e3o partid\u00e1ria e presta\u00e7\u00e3o de contas, mas parece que tudo devidamente esclarecido e aprovado pela Justi\u00e7a a favor do ex-vereador&#8230;. pois \u00e9!<\/p>\n<p>&#8211; O PSB sem Julianelli investiu pesado na candidatura da ent\u00e3o secret\u00e1ria de Educa\u00e7\u00e3o Soraia Balieiro na elei\u00e7\u00e3o de 2012. Foi eleita com o maior n\u00famero de votos e de lugares que chegou a surpreender, como o distrito de Engenheiro Passos. Na sess\u00e3o legislativa do dia 9, um estudante escreveu numa folha e pr\u00f3ximo ao encerramento, do plen\u00e1rio mostrou para a vereadora e demais vereadores. Dizia o pequeno cartaz: \u201cSoraia Engenheiro Passos quer saber: cad\u00ea voc\u00ea?\u201d<\/p>\n<p>&#8211; Por falar em apoio do partido&#8230; parece que agora a arquiteta Sheila Cruz trilhar\u00e1 o mesmo caminho no PSB. Autora do Dossi\u00ea Cruz, um documento que cont\u00e9m planilhas, fotografias, documentos de encaminhamentos de obras que ela aponta como irregulares na \u00e1rea da Educa\u00e7\u00e3o na Prefeitura de Resende, ainda n\u00e3o teve qualquer apoio p\u00fablico do partido. Um ou outro integrante presta pessoalmente sua solidariedade.<\/p>\n<p>&#8211; O PPS\/Resende que ia juntar com o PMN, mas n\u00e3o vai mais, anda anunciando que vai cobrar dos vereadores Tisga e Barra Mansa o posicionamento inicial para o qual foram eleitos: o de oposi\u00e7\u00e3o ao governo Rechuan. O vereador Tisga h\u00e1 dois meses anunciou no plen\u00e1rio que deixaria o partido, mas continua usando o tempo do partido para suas falas durante as sess\u00f5es legislativas e nos \u00faltimos tempos, deu uma volta de 180\u00ba em seus discursos de cobran\u00e7a dos atos do Executivo. Barra Mansa est\u00e1 cada dia mais calado. Quem parece agora assumiu uma posi\u00e7\u00e3o menos ref\u00e9m do Executivo \u00e9 o vereador Stenio (PDT) que depois de analisar documentos solicitou investiga\u00e7\u00e3o da Comiss\u00e3o de Fiscaliza\u00e7\u00e3o em obras da Educa\u00e7\u00e3o e n\u00e3o descarta a possibilidade de pedir uma CPI.<\/p>\n<p>&#8211; Geraldo Costa, mais conhecido como Geraldinho da Ag\u00eancia de Publicidade Duelo Comunica\u00e7\u00e3o Total e que foi assessor do ex-prefeito Silvio de Carvalho continua presente em Resende, s\u00f3 que agora, mostrando ao poder p\u00fablico que n\u00e3o d\u00e1 mais para errar nas licita\u00e7\u00f5es sobre contrata\u00e7\u00e3o de ve\u00edculos de comunica\u00e7\u00e3o. Ali\u00e1s, assunto que est\u00e1 na Justi\u00e7a e que bloqueou os bens do prefeito Jos\u00e9 Rechuan Junior. A prefeitura pretendia fazer uma licita\u00e7\u00e3o em junho para contratar uma ag\u00eancia de publicidade e a C\u00e2mara Municipal tamb\u00e9m lan\u00e7ou edital com o mesmo prop\u00f3sito. A empresa de Geraldinho conseguiu impugnar as duas licita\u00e7\u00f5es. A impugna\u00e7\u00e3o s\u00f3 ocorre quando se apontam irregularidades no conte\u00fado da licita\u00e7\u00e3o e que venham a contrariar a lei licitat\u00f3ria. Eita Resende, sempre escolhendo a porta larga!<\/p>\n<p>&#8211; A passarela da Pra\u00e7a da Conc\u00f3rdia em Resende apelidada de \u201cpassarela-enfeite do Rechuan\u201d n\u00e3o deve sair daquelas sapatas que hoje viraram obst\u00e1culos cinzas, e que continuam ferindo a lei do patrim\u00f4nio, j\u00e1 que est\u00e3o bem em frente \u00e0 Ponte Velha. O governo federal cancelou o conv\u00eanio que repassaria mais de R$ 600 mil para a constru\u00e7\u00e3o de menos de 30 metros de passarela numa \u00e1rea sinalizada e sem justificativa para o uso desse recurso. A prefeitura n\u00e3o desiste da ideia vaidosa e, em nota, afirma que a obra continua com a montagem da estrutura\u00a0 e que a previs\u00e3o de t\u00e9rmino da obra \u00e9 setembro (\u00e9 verdade que n\u00e3o falaram o ano). A nota diz ainda que incluiu no or\u00e7amento municipal 2013 o custo da obra, mas como? Se a vig\u00eancia do conv\u00eanio era at\u00e9 dezembro de 2012 e o or\u00e7amento municipal j\u00e1 estava aprovado? Mist\u00e9rios do governo Rechuan. Outra coisa que chama aten\u00e7\u00e3o no final da nota: \u201cA Prefeitura ressalta ainda que n\u00e3o foram utilizados recursos municipais na execu\u00e7\u00e3o da obra\u201d. Mas como? Se o governo federal cancelou o conv\u00eanio e n\u00e3o mandou nem um real e o governo municipal n\u00e3o pagou os R$ 118 mil gastos, que ela mesma afirma que foram pagos com as funda\u00e7\u00f5es, quem pagou? Iiiiiiiiii!<\/p>\n","protected":false},"excerpt":{"rendered":"<p>&#8211; O ex-vereador e m\u00e9dico Gl\u00e1ucio Julianelli que, em 2012, surpreendeu Resende ao n\u00e3o tentar a reelei\u00e7\u00e3o a vereador pelo PSB, entregou essa semana<\/p>\n","protected":false},"author":1,"featured_media":0,"comment_status":"open","ping_status":"open","sticky":false,"template":"","format":"standard","meta":{"pmpro_default_level":"","footnotes":""},"categories":[8],"tags":[155],"class_list":["post-12240","post","type-post","status-publish","format-standard","hentry","category-opiniao","tag-dehoraemhora","pmpro-has-access"],"yoast_head":"<!-- This site is optimized with the Yoast SEO plugin v27.4 - https:\/\/yoast.com\/product\/yoast-seo-wordpress\/ -->\n<title>Acredite se Quiser - JORNAL BEIRA RIO<\/title>\n<meta name=\"robots\" content=\"index, follow, max-snippet:-1, max-image-preview:large, max-video-preview:-1\" \/>\n<link rel=\"canonical\" href=\"https:\/\/jornalbeirario.com.br\/portal\/?p=12240\" \/>\n<meta property=\"og:locale\" content=\"pt_BR\" \/>\n<meta property=\"og:type\" content=\"article\" \/>\n<meta property=\"og:title\" content=\"Acredite se Quiser - JORNAL BEIRA RIO\" \/>\n<meta property=\"og:description\" content=\"&#8211; O ex-vereador e m\u00e9dico Gl\u00e1ucio Julianelli que, em 2012, surpreendeu Resende ao n\u00e3o tentar a reelei\u00e7\u00e3o a vereador pelo PSB, entregou essa semana\" \/>\n<meta property=\"og:url\" content=\"https:\/\/jornalbeirario.com.br\/portal\/?p=12240\" \/>\n<meta property=\"og:site_name\" content=\"JORNAL BEIRA RIO\" \/>\n<meta property=\"article:published_time\" content=\"2013-07-12T12:04:32+00:00\" \/>\n<meta name=\"author\" content=\"Jornal BEIRA-RIO\" \/>\n<meta name=\"twitter:card\" content=\"summary_large_image\" \/>\n<meta name=\"twitter:label1\" content=\"Escrito por\" \/>\n\t<meta name=\"twitter:data1\" content=\"Jornal BEIRA-RIO\" \/>\n\t<meta name=\"twitter:label2\" content=\"Est. tempo de leitura\" \/>\n\t<meta name=\"twitter:data2\" content=\"4 minutos\" \/>\n<script type=\"application\/ld+json\" class=\"yoast-schema-graph\">{\"@context\":\"https:\\\/\\\/schema.org\",\"@graph\":[{\"@type\":\"Article\",\"@id\":\"https:\\\/\\\/jornalbeirario.com.br\\\/portal\\\/?p=12240#article\",\"isPartOf\":{\"@id\":\"https:\\\/\\\/jornalbeirario.com.br\\\/portal\\\/?p=12240\"},\"author\":{\"name\":\"Jornal BEIRA-RIO\",\"@id\":\"https:\\\/\\\/jornalbeirario.com.br\\\/portal\\\/#\\\/schema\\\/person\\\/c6c423e4c2465d2a9233f6539173e7c1\"},\"headline\":\"Acredite se Quiser\",\"datePublished\":\"2013-07-12T12:04:32+00:00\",\"mainEntityOfPage\":{\"@id\":\"https:\\\/\\\/jornalbeirario.com.br\\\/portal\\\/?p=12240\"},\"wordCount\":819,\"commentCount\":0,\"publisher\":{\"@id\":\"https:\\\/\\\/jornalbeirario.com.br\\\/portal\\\/#organization\"},\"keywords\":[\"dehoraemhora\"],\"articleSection\":[\"Opini\u00e3o\"],\"inLanguage\":\"pt-BR\",\"potentialAction\":[{\"@type\":\"CommentAction\",\"name\":\"Comment\",\"target\":[\"https:\\\/\\\/jornalbeirario.com.br\\\/portal\\\/?p=12240#respond\"]}]},{\"@type\":\"WebPage\",\"@id\":\"https:\\\/\\\/jornalbeirario.com.br\\\/portal\\\/?p=12240\",\"url\":\"https:\\\/\\\/jornalbeirario.com.br\\\/portal\\\/?p=12240\",\"name\":\"Acredite se Quiser - JORNAL BEIRA RIO\",\"isPartOf\":{\"@id\":\"https:\\\/\\\/jornalbeirario.com.br\\\/portal\\\/#website\"},\"datePublished\":\"2013-07-12T12:04:32+00:00\",\"breadcrumb\":{\"@id\":\"https:\\\/\\\/jornalbeirario.com.br\\\/portal\\\/?p=12240#breadcrumb\"},\"inLanguage\":\"pt-BR\",\"potentialAction\":[{\"@type\":\"ReadAction\",\"target\":[\"https:\\\/\\\/jornalbeirario.com.br\\\/portal\\\/?p=12240\"]}]},{\"@type\":\"BreadcrumbList\",\"@id\":\"https:\\\/\\\/jornalbeirario.com.br\\\/portal\\\/?p=12240#breadcrumb\",\"itemListElement\":[{\"@type\":\"ListItem\",\"position\":1,\"name\":\"Home\",\"item\":\"https:\\\/\\\/jornalbeirario.com.br\\\/portal\"},{\"@type\":\"ListItem\",\"position\":2,\"name\":\"Acredite se Quiser\"}]},{\"@type\":\"WebSite\",\"@id\":\"https:\\\/\\\/jornalbeirario.com.br\\\/portal\\\/#website\",\"url\":\"https:\\\/\\\/jornalbeirario.com.br\\\/portal\\\/\",\"name\":\"JORNAL BEIRA RIO\",\"description\":\"\",\"publisher\":{\"@id\":\"https:\\\/\\\/jornalbeirario.com.br\\\/portal\\\/#organization\"},\"potentialAction\":[{\"@type\":\"SearchAction\",\"target\":{\"@type\":\"EntryPoint\",\"urlTemplate\":\"https:\\\/\\\/jornalbeirario.com.br\\\/portal\\\/?s={search_term_string}\"},\"query-input\":{\"@type\":\"PropertyValueSpecification\",\"valueRequired\":true,\"valueName\":\"search_term_string\"}}],\"inLanguage\":\"pt-BR\"},{\"@type\":\"Organization\",\"@id\":\"https:\\\/\\\/jornalbeirario.com.br\\\/portal\\\/#organization\",\"name\":\"JORNAL BEIRA RIO\",\"url\":\"https:\\\/\\\/jornalbeirario.com.br\\\/portal\\\/\",\"logo\":{\"@type\":\"ImageObject\",\"inLanguage\":\"pt-BR\",\"@id\":\"https:\\\/\\\/jornalbeirario.com.br\\\/portal\\\/#\\\/schema\\\/logo\\\/image\\\/\",\"url\":\"https:\\\/\\\/jornalbeirario.com.br\\\/portal\\\/wp-content\\\/uploads\\\/2017\\\/09\\\/BEIRA-RIO_logo600.png\",\"contentUrl\":\"https:\\\/\\\/jornalbeirario.com.br\\\/portal\\\/wp-content\\\/uploads\\\/2017\\\/09\\\/BEIRA-RIO_logo600.png\",\"width\":650,\"height\":108,\"caption\":\"JORNAL BEIRA RIO\"},\"image\":{\"@id\":\"https:\\\/\\\/jornalbeirario.com.br\\\/portal\\\/#\\\/schema\\\/logo\\\/image\\\/\"}},{\"@type\":\"Person\",\"@id\":\"https:\\\/\\\/jornalbeirario.com.br\\\/portal\\\/#\\\/schema\\\/person\\\/c6c423e4c2465d2a9233f6539173e7c1\",\"name\":\"Jornal BEIRA-RIO\",\"image\":{\"@type\":\"ImageObject\",\"inLanguage\":\"pt-BR\",\"@id\":\"https:\\\/\\\/jornalbeirario.com.br\\\/portal\\\/wp-content\\\/uploads\\\/2023\\\/10\\\/logojbr1.jpg\",\"url\":\"https:\\\/\\\/jornalbeirario.com.br\\\/portal\\\/wp-content\\\/uploads\\\/2023\\\/10\\\/logojbr1.jpg\",\"contentUrl\":\"https:\\\/\\\/jornalbeirario.com.br\\\/portal\\\/wp-content\\\/uploads\\\/2023\\\/10\\\/logojbr1.jpg\",\"caption\":\"Jornal BEIRA-RIO\"},\"url\":\"https:\\\/\\\/jornalbeirario.com.br\\\/portal\\\/?author=1\"}]}<\/script>\n<!-- \/ Yoast SEO plugin. -->","yoast_head_json":{"title":"Acredite se Quiser - JORNAL BEIRA RIO","robots":{"index":"index","follow":"follow","max-snippet":"max-snippet:-1","max-image-preview":"max-image-preview:large","max-video-preview":"max-video-preview:-1"},"canonical":"https:\/\/jornalbeirario.com.br\/portal\/?p=12240","og_locale":"pt_BR","og_type":"article","og_title":"Acredite se Quiser - JORNAL BEIRA RIO","og_description":"&#8211; O ex-vereador e m\u00e9dico Gl\u00e1ucio Julianelli que, em 2012, surpreendeu Resende ao n\u00e3o tentar a reelei\u00e7\u00e3o a vereador pelo PSB, entregou essa semana","og_url":"https:\/\/jornalbeirario.com.br\/portal\/?p=12240","og_site_name":"JORNAL BEIRA RIO","article_published_time":"2013-07-12T12:04:32+00:00","author":"Jornal BEIRA-RIO","twitter_card":"summary_large_image","twitter_misc":{"Escrito por":"Jornal BEIRA-RIO","Est. tempo de leitura":"4 minutos"},"schema":{"@context":"https:\/\/schema.org","@graph":[{"@type":"Article","@id":"https:\/\/jornalbeirario.com.br\/portal\/?p=12240#article","isPartOf":{"@id":"https:\/\/jornalbeirario.com.br\/portal\/?p=12240"},"author":{"name":"Jornal BEIRA-RIO","@id":"https:\/\/jornalbeirario.com.br\/portal\/#\/schema\/person\/c6c423e4c2465d2a9233f6539173e7c1"},"headline":"Acredite se Quiser","datePublished":"2013-07-12T12:04:32+00:00","mainEntityOfPage":{"@id":"https:\/\/jornalbeirario.com.br\/portal\/?p=12240"},"wordCount":819,"commentCount":0,"publisher":{"@id":"https:\/\/jornalbeirario.com.br\/portal\/#organization"},"keywords":["dehoraemhora"],"articleSection":["Opini\u00e3o"],"inLanguage":"pt-BR","potentialAction":[{"@type":"CommentAction","name":"Comment","target":["https:\/\/jornalbeirario.com.br\/portal\/?p=12240#respond"]}]},{"@type":"WebPage","@id":"https:\/\/jornalbeirario.com.br\/portal\/?p=12240","url":"https:\/\/jornalbeirario.com.br\/portal\/?p=12240","name":"Acredite se Quiser - JORNAL BEIRA RIO","isPartOf":{"@id":"https:\/\/jornalbeirario.com.br\/portal\/#website"},"datePublished":"2013-07-12T12:04:32+00:00","breadcrumb":{"@id":"https:\/\/jornalbeirario.com.br\/portal\/?p=12240#breadcrumb"},"inLanguage":"pt-BR","potentialAction":[{"@type":"ReadAction","target":["https:\/\/jornalbeirario.com.br\/portal\/?p=12240"]}]},{"@type":"BreadcrumbList","@id":"https:\/\/jornalbeirario.com.br\/portal\/?p=12240#breadcrumb","itemListElement":[{"@type":"ListItem","position":1,"name":"Home","item":"https:\/\/jornalbeirario.com.br\/portal"},{"@type":"ListItem","position":2,"name":"Acredite se Quiser"}]},{"@type":"WebSite","@id":"https:\/\/jornalbeirario.com.br\/portal\/#website","url":"https:\/\/jornalbeirario.com.br\/portal\/","name":"JORNAL BEIRA RIO","description":"","publisher":{"@id":"https:\/\/jornalbeirario.com.br\/portal\/#organization"},"potentialAction":[{"@type":"SearchAction","target":{"@type":"EntryPoint","urlTemplate":"https:\/\/jornalbeirario.com.br\/portal\/?s={search_term_string}"},"query-input":{"@type":"PropertyValueSpecification","valueRequired":true,"valueName":"search_term_string"}}],"inLanguage":"pt-BR"},{"@type":"Organization","@id":"https:\/\/jornalbeirario.com.br\/portal\/#organization","name":"JORNAL BEIRA RIO","url":"https:\/\/jornalbeirario.com.br\/portal\/","logo":{"@type":"ImageObject","inLanguage":"pt-BR","@id":"https:\/\/jornalbeirario.com.br\/portal\/#\/schema\/logo\/image\/","url":"https:\/\/jornalbeirario.com.br\/portal\/wp-content\/uploads\/2017\/09\/BEIRA-RIO_logo600.png","contentUrl":"https:\/\/jornalbeirario.com.br\/portal\/wp-content\/uploads\/2017\/09\/BEIRA-RIO_logo600.png","width":650,"height":108,"caption":"JORNAL BEIRA RIO"},"image":{"@id":"https:\/\/jornalbeirario.com.br\/portal\/#\/schema\/logo\/image\/"}},{"@type":"Person","@id":"https:\/\/jornalbeirario.com.br\/portal\/#\/schema\/person\/c6c423e4c2465d2a9233f6539173e7c1","name":"Jornal BEIRA-RIO","image":{"@type":"ImageObject","inLanguage":"pt-BR","@id":"https:\/\/jornalbeirario.com.br\/portal\/wp-content\/uploads\/2023\/10\/logojbr1.jpg","url":"https:\/\/jornalbeirario.com.br\/portal\/wp-content\/uploads\/2023\/10\/logojbr1.jpg","contentUrl":"https:\/\/jornalbeirario.com.br\/portal\/wp-content\/uploads\/2023\/10\/logojbr1.jpg","caption":"Jornal BEIRA-RIO"},"url":"https:\/\/jornalbeirario.com.br\/portal\/?author=1"}]}},"_links":{"self":[{"href":"https:\/\/jornalbeirario.com.br\/portal\/index.php?rest_route=\/wp\/v2\/posts\/12240","targetHints":{"allow":["GET"]}}],"collection":[{"href":"https:\/\/jornalbeirario.com.br\/portal\/index.php?rest_route=\/wp\/v2\/posts"}],"about":[{"href":"https:\/\/jornalbeirario.com.br\/portal\/index.php?rest_route=\/wp\/v2\/types\/post"}],"author":[{"embeddable":true,"href":"https:\/\/jornalbeirario.com.br\/portal\/index.php?rest_route=\/wp\/v2\/users\/1"}],"replies":[{"embeddable":true,"href":"https:\/\/jornalbeirario.com.br\/portal\/index.php?rest_route=%2Fwp%2Fv2%2Fcomments&post=12240"}],"version-history":[{"count":1,"href":"https:\/\/jornalbeirario.com.br\/portal\/index.php?rest_route=\/wp\/v2\/posts\/12240\/revisions"}],"predecessor-version":[{"id":12241,"href":"https:\/\/jornalbeirario.com.br\/portal\/index.php?rest_route=\/wp\/v2\/posts\/12240\/revisions\/12241"}],"wp:attachment":[{"href":"https:\/\/jornalbeirario.com.br\/portal\/index.php?rest_route=%2Fwp%2Fv2%2Fmedia&parent=12240"}],"wp:term":[{"taxonomy":"category","embeddable":true,"href":"https:\/\/jornalbeirario.com.br\/portal\/index.php?rest_route=%2Fwp%2Fv2%2Fcategories&post=12240"},{"taxonomy":"post_tag","embeddable":true,"href":"https:\/\/jornalbeirario.com.br\/portal\/index.php?rest_route=%2Fwp%2Fv2%2Ftags&post=12240"}],"curies":[{"name":"wp","href":"https:\/\/api.w.org\/{rel}","templated":true}]}}