
{"id":11892,"date":"2013-07-05T12:10:20","date_gmt":"2013-07-05T12:10:20","guid":{"rendered":"http:\/\/jornalbeirario.com.br\/portal\/portal\/?p=11892"},"modified":"2013-07-05T12:10:20","modified_gmt":"2013-07-05T12:10:20","slug":"social-lais-amaral-14","status":"publish","type":"post","link":"https:\/\/jornalbeirario.com.br\/portal\/?p=11892","title":{"rendered":"SOCIAL LA\u00cdS AMARAL"},"content":{"rendered":"<p style=\"text-align: justify;\">S\u00e1bado de \u2018Aula Passeio\u2019<br \/>\nAmanh\u00e3 (s\u00e1bado, dia 6) o \u2018Preto Velho\u2019 Claudionor Rosa, estar\u00e1 mais feliz do que pinto no lixo, como diria o saudoso Jamel\u00e3o. \u00c9 que amanh\u00e3 tem \u201cAula Passeio\u201d. Nessas ocasi\u00f5es o mestre Claudionor vive literalmente esse status e\u00a0\u00a0 vai derramando hist\u00f3ria e informa\u00e7\u00e3o sobre a garotada. O encontro com os alunos da \u201cEscola Um\u201d ser\u00e1 \u00e0s 14 horas na Pra\u00e7a Oliveira Botelho. Dali Claudionor leva a turma para conhecer aspectos que contam a hist\u00f3ria da cidade. Casas, monumentos, logradouros. A cada parada o mestre disserta sobre o local. Com uma did\u00e1tica muito particular. No final do passeio, a exibi\u00e7\u00e3o de um v\u00eddeo no plen\u00e1rio da C\u00e2mara, seguido de mais um papo. No v\u00eddeo informa\u00e7\u00f5es sobre a participa\u00e7\u00e3o dos escravos na hist\u00f3ria da cidade, sobre os Puris, \u00edndios que habitavam a regi\u00e3o e por a\u00ed vai. A C\u00e2mara Municipal \u00e9 parceira da \u2018Aula\u2019 via Programa C\u00e2mara Cultural. A \u2018Aula Passeio\u2019 existe h\u00e1 30 anos.<\/p>\n<p>Domingo de aldeia e as telhas do \u2018Goiab\u00e3o\u2019<br \/>\nDomingo pela manh\u00e3, depois do caf\u00e9 na padaria do Magno, geralmente vou\u00a0 ao mercado. \u00c9 minha programa\u00e7\u00e3o domingueira matinal, quando n\u00e3o vou ver futebol. E no mercado sempre encontro amigos. Dois ou tr\u00eas domingos atr\u00e1s\u00a0 encontrei o C\u00edcero que n\u00e3o via h\u00e1 tempos. A prosa rolou sobre v\u00e1rios assuntos. A colocamos em dia. Entre nossos assuntos, o rancho que ele est\u00e1 construindo nas proximidades de Vargem Grande. No domingo passado saindo do mercado e ao passar pelo \u2018Goiab\u00e3o\u2019 vi na cal\u00e7ada as telhas que est\u00e3o sendo substitu\u00eddas no pr\u00e9dio. Lembrei do C\u00edcero imediatamente. Ele quer telhas de verdade, dessas de barro, no seu rancho. Segunda-feira fui at\u00e9 o \u2018Goiab\u00e3o\u2019 saber o destino das telhas. Por uma feliz coincid\u00eancia, o s\u00edndico, na verdade a s\u00edndica do pr\u00e9dio, \u00e9 minha velha amiga Mirian Simioni. E a not\u00edcia foi \u00f3tima. As telhas est\u00e3o sendo vendidas a dez centavos. Uma pechincha. A \u00fanica exig\u00eancia \u00e9 que o interessado providencie o transporte. Liguei para o C\u00edcero, que vibrou e a essa altura j\u00e1 deve ter comprado suas telhas. A cidade crescendo rapidamente nos distancia uns dos outros. Me preocupa uma cidade sem caras conhecidas. Gosto de estar com gente amiga, ver rotos familiares. Gosto de poder interagir, trocar favores, ajudar sempre que poss\u00edvel. Coisa de cidade pequena. Por isso curto minhas idas ao mercado no domingo. Aos domingos podemos conviver com uma Resende mais aconchegante.<\/p>\n<p>TRIPA<br \/>\n* A Ag\u00eancia do Meio Ambiente (AMAR) e Secretaria de Turismo e Eventos, realizam amanh\u00e3, dia 6, mais uma trilha para alunos do Curso de Monitor de Ecoturismo. A aula pr\u00e1tica que faz parte do cronograma de atividades ser\u00e1 realizada na Serrinha, mais exatamente na trilha Divisor de \u00c1guas, com aproximadamente dois quil\u00f4metros. A atividade dever\u00e1 durar o dia todo * Tamb\u00e9m amanh\u00e3 tem posse do Governador do distrito 4600 do Rotary Internacional: A cerim\u00f4nia ser\u00e1 no foyer da Aman, \u00e0s 20:00 * A 4\u00aa edi\u00e7\u00e3o da \u2018Feira Ponta de Estoque\u2019 ser\u00e1 no primeiro final de semana de agosto (dias 2, 3 e 4) no Parque de Exposi\u00e7\u00f5es. A \u2018Feira\u2019 estar\u00e1 ainda maior e melhor este ano, informa Reinaldo Raeli, secret\u00e1rio municipal de com\u00e9rcio. A estimativa \u00e9 de 160 expositores, a maioria com pe\u00e7as de vestu\u00e1rio. Al\u00e9m de cal\u00e7ados, m\u00f3veis, artesanato e produtos de couro, uma das novidades deste ano. \u00c9 esperado um p\u00fablico superior \u00e0s 25 mil pessoas do ano passado * Os grupos de pagode Alerta Geral e Com Prazer animaram a torcida domingo passado quando a sele\u00e7\u00e3o brasileira conquistou a \u2018Copa das Confedera\u00e7\u00f5es\u2019. Uma galera bonita encheu o restaurante localizado na street shopping, pr\u00f3xima \u00e0 Cer\u00e2mica S\u00e3o Carlos * Pol\u00edcia Federal est\u00e1 investigando se a paralisa\u00e7\u00e3o dos caminhoneiros em algumas estradas do pa\u00eds foi organizada pelos empres\u00e1rios. Lockout \u00e9 proibido no pa\u00eds * A tradicional \u2018Festa do Fogueir\u00e3o\u2019, fim de semana passado, foi show de bola. A fogueira, com 25 metros aproximadamente foi a vedete mais uma vez * Parab\u00e9ns ao meu filho de cora\u00e7\u00e3o Carlos Eduardo, o \u2018Dudu\u2019, que acaba de ser aprovado para cursar Mestrado em F\u00edsica na UFF. Eduardo \u00e9 engenheiro de produ\u00e7\u00e3o formado pela UERJ, mas tem voca\u00e7\u00e3o para o magist\u00e9rio. Adora dar aula * Segundo post da Reuters datado do dia 26\/06 publicado no G1, a Cia. Fluminense de Refrigerantes (Porto Real) j\u00e1 estaria vendida para a mexicana Femsa, por 448 milh\u00f5es de d\u00f3lares.<\/p>\n<p>ANIVERS\u00c1RIOS<br \/>\nA semana come\u00e7ou no dia 1\u00ba, com os amigos aniversariantes Marcelo Loretti, o \u2018Lampadinha\u2019, o Andrezinho Fernandes, meu companheiro de Prefeitura, o esperto Aron, filho do Celso Dutra e a primeira dama do munic\u00edpio, Ana Paula Rechuan. Na Ter\u00e7a, dia 2, mudaram de idade o Marco Antonio \u2018alem\u00e3o\u2019 e a Josiane \u00c1vila, a \u2018Josi\u2019. Na Quarta inaugura idade nova uma turma de amigos: a Luciene Ferraz, a Aninha Santana, o Marcos Andrade \u2018Paran\u00e1\u2019, o Marcus Louro \u2018Maranh\u00e3o\u2019 e o Guilherme Garcia \u2018Gui\u2019. Ontem ficaram mais experientes os amigos Wilsinho Ramalho, Wilkie Almeida e Rodrigo Arcanjo. Hoje, dia 5, recebem os \u2018parab\u00e9ns\u2019 os amigos: Alcindo Grassi, Maria Goretti, Giovana Macedo, M\u00e1rio Moura e o Ernani Campos Menezes, botafoguense at\u00e9 \u00e0 medula. Amanh\u00e3, dia 6, o Marco Resende e a Marina Paiva sopram velinhas e fechando a semana no domingo, dia 7, comemoram mais um ano de vida os amigos: Jorge Cardoso, Milene Santiago e Gustavo Fichter. Parab\u00e9ns e todas as felicidades do mundo a ales.<\/p>\n","protected":false},"excerpt":{"rendered":"<p>S\u00e1bado de \u2018Aula Passeio\u2019 Amanh\u00e3 (s\u00e1bado, dia 6) o \u2018Preto Velho\u2019 Claudionor Rosa, estar\u00e1 mais feliz do que pinto no lixo, como diria o<\/p>\n","protected":false},"author":1,"featured_media":0,"comment_status":"open","ping_status":"open","sticky":false,"template":"","format":"standard","meta":{"pmpro_default_level":"","footnotes":""},"categories":[13],"tags":[],"class_list":["post-11892","post","type-post","status-publish","format-standard","hentry","category-social","pmpro-has-access"],"yoast_head":"<!-- This site is optimized with the Yoast SEO plugin v27.4 - https:\/\/yoast.com\/product\/yoast-seo-wordpress\/ -->\n<title>SOCIAL LA\u00cdS AMARAL - JORNAL BEIRA RIO<\/title>\n<meta name=\"robots\" content=\"index, follow, max-snippet:-1, max-image-preview:large, max-video-preview:-1\" \/>\n<link rel=\"canonical\" href=\"https:\/\/jornalbeirario.com.br\/portal\/?p=11892\" \/>\n<meta property=\"og:locale\" content=\"pt_BR\" \/>\n<meta property=\"og:type\" content=\"article\" \/>\n<meta property=\"og:title\" content=\"SOCIAL LA\u00cdS AMARAL - JORNAL BEIRA RIO\" \/>\n<meta property=\"og:description\" content=\"S\u00e1bado de \u2018Aula Passeio\u2019 Amanh\u00e3 (s\u00e1bado, dia 6) o \u2018Preto Velho\u2019 Claudionor Rosa, estar\u00e1 mais feliz do que pinto no lixo, como diria o\" \/>\n<meta property=\"og:url\" content=\"https:\/\/jornalbeirario.com.br\/portal\/?p=11892\" \/>\n<meta property=\"og:site_name\" content=\"JORNAL BEIRA RIO\" \/>\n<meta property=\"article:published_time\" content=\"2013-07-05T12:10:20+00:00\" \/>\n<meta name=\"author\" content=\"Jornal BEIRA-RIO\" \/>\n<meta name=\"twitter:card\" content=\"summary_large_image\" \/>\n<meta name=\"twitter:label1\" content=\"Escrito por\" \/>\n\t<meta name=\"twitter:data1\" content=\"Jornal BEIRA-RIO\" \/>\n\t<meta name=\"twitter:label2\" content=\"Est. tempo de leitura\" \/>\n\t<meta name=\"twitter:data2\" content=\"5 minutos\" \/>\n<script type=\"application\/ld+json\" class=\"yoast-schema-graph\">{\"@context\":\"https:\\\/\\\/schema.org\",\"@graph\":[{\"@type\":\"Article\",\"@id\":\"https:\\\/\\\/jornalbeirario.com.br\\\/portal\\\/?p=11892#article\",\"isPartOf\":{\"@id\":\"https:\\\/\\\/jornalbeirario.com.br\\\/portal\\\/?p=11892\"},\"author\":{\"name\":\"Jornal BEIRA-RIO\",\"@id\":\"https:\\\/\\\/jornalbeirario.com.br\\\/portal\\\/#\\\/schema\\\/person\\\/c6c423e4c2465d2a9233f6539173e7c1\"},\"headline\":\"SOCIAL LA\u00cdS AMARAL\",\"datePublished\":\"2013-07-05T12:10:20+00:00\",\"mainEntityOfPage\":{\"@id\":\"https:\\\/\\\/jornalbeirario.com.br\\\/portal\\\/?p=11892\"},\"wordCount\":935,\"commentCount\":0,\"publisher\":{\"@id\":\"https:\\\/\\\/jornalbeirario.com.br\\\/portal\\\/#organization\"},\"articleSection\":[\"Social\"],\"inLanguage\":\"pt-BR\",\"potentialAction\":[{\"@type\":\"CommentAction\",\"name\":\"Comment\",\"target\":[\"https:\\\/\\\/jornalbeirario.com.br\\\/portal\\\/?p=11892#respond\"]}]},{\"@type\":\"WebPage\",\"@id\":\"https:\\\/\\\/jornalbeirario.com.br\\\/portal\\\/?p=11892\",\"url\":\"https:\\\/\\\/jornalbeirario.com.br\\\/portal\\\/?p=11892\",\"name\":\"SOCIAL LA\u00cdS AMARAL - JORNAL BEIRA RIO\",\"isPartOf\":{\"@id\":\"https:\\\/\\\/jornalbeirario.com.br\\\/portal\\\/#website\"},\"datePublished\":\"2013-07-05T12:10:20+00:00\",\"breadcrumb\":{\"@id\":\"https:\\\/\\\/jornalbeirario.com.br\\\/portal\\\/?p=11892#breadcrumb\"},\"inLanguage\":\"pt-BR\",\"potentialAction\":[{\"@type\":\"ReadAction\",\"target\":[\"https:\\\/\\\/jornalbeirario.com.br\\\/portal\\\/?p=11892\"]}]},{\"@type\":\"BreadcrumbList\",\"@id\":\"https:\\\/\\\/jornalbeirario.com.br\\\/portal\\\/?p=11892#breadcrumb\",\"itemListElement\":[{\"@type\":\"ListItem\",\"position\":1,\"name\":\"Home\",\"item\":\"https:\\\/\\\/jornalbeirario.com.br\\\/portal\"},{\"@type\":\"ListItem\",\"position\":2,\"name\":\"SOCIAL LA\u00cdS AMARAL\"}]},{\"@type\":\"WebSite\",\"@id\":\"https:\\\/\\\/jornalbeirario.com.br\\\/portal\\\/#website\",\"url\":\"https:\\\/\\\/jornalbeirario.com.br\\\/portal\\\/\",\"name\":\"JORNAL BEIRA RIO\",\"description\":\"\",\"publisher\":{\"@id\":\"https:\\\/\\\/jornalbeirario.com.br\\\/portal\\\/#organization\"},\"potentialAction\":[{\"@type\":\"SearchAction\",\"target\":{\"@type\":\"EntryPoint\",\"urlTemplate\":\"https:\\\/\\\/jornalbeirario.com.br\\\/portal\\\/?s={search_term_string}\"},\"query-input\":{\"@type\":\"PropertyValueSpecification\",\"valueRequired\":true,\"valueName\":\"search_term_string\"}}],\"inLanguage\":\"pt-BR\"},{\"@type\":\"Organization\",\"@id\":\"https:\\\/\\\/jornalbeirario.com.br\\\/portal\\\/#organization\",\"name\":\"JORNAL BEIRA RIO\",\"url\":\"https:\\\/\\\/jornalbeirario.com.br\\\/portal\\\/\",\"logo\":{\"@type\":\"ImageObject\",\"inLanguage\":\"pt-BR\",\"@id\":\"https:\\\/\\\/jornalbeirario.com.br\\\/portal\\\/#\\\/schema\\\/logo\\\/image\\\/\",\"url\":\"https:\\\/\\\/jornalbeirario.com.br\\\/portal\\\/wp-content\\\/uploads\\\/2017\\\/09\\\/BEIRA-RIO_logo600.png\",\"contentUrl\":\"https:\\\/\\\/jornalbeirario.com.br\\\/portal\\\/wp-content\\\/uploads\\\/2017\\\/09\\\/BEIRA-RIO_logo600.png\",\"width\":650,\"height\":108,\"caption\":\"JORNAL BEIRA RIO\"},\"image\":{\"@id\":\"https:\\\/\\\/jornalbeirario.com.br\\\/portal\\\/#\\\/schema\\\/logo\\\/image\\\/\"}},{\"@type\":\"Person\",\"@id\":\"https:\\\/\\\/jornalbeirario.com.br\\\/portal\\\/#\\\/schema\\\/person\\\/c6c423e4c2465d2a9233f6539173e7c1\",\"name\":\"Jornal BEIRA-RIO\",\"image\":{\"@type\":\"ImageObject\",\"inLanguage\":\"pt-BR\",\"@id\":\"https:\\\/\\\/jornalbeirario.com.br\\\/portal\\\/wp-content\\\/uploads\\\/2023\\\/10\\\/logojbr1.jpg\",\"url\":\"https:\\\/\\\/jornalbeirario.com.br\\\/portal\\\/wp-content\\\/uploads\\\/2023\\\/10\\\/logojbr1.jpg\",\"contentUrl\":\"https:\\\/\\\/jornalbeirario.com.br\\\/portal\\\/wp-content\\\/uploads\\\/2023\\\/10\\\/logojbr1.jpg\",\"caption\":\"Jornal BEIRA-RIO\"},\"url\":\"https:\\\/\\\/jornalbeirario.com.br\\\/portal\\\/?author=1\"}]}<\/script>\n<!-- \/ Yoast SEO plugin. -->","yoast_head_json":{"title":"SOCIAL LA\u00cdS AMARAL - JORNAL BEIRA RIO","robots":{"index":"index","follow":"follow","max-snippet":"max-snippet:-1","max-image-preview":"max-image-preview:large","max-video-preview":"max-video-preview:-1"},"canonical":"https:\/\/jornalbeirario.com.br\/portal\/?p=11892","og_locale":"pt_BR","og_type":"article","og_title":"SOCIAL LA\u00cdS AMARAL - JORNAL BEIRA RIO","og_description":"S\u00e1bado de \u2018Aula Passeio\u2019 Amanh\u00e3 (s\u00e1bado, dia 6) o \u2018Preto Velho\u2019 Claudionor Rosa, estar\u00e1 mais feliz do que pinto no lixo, como diria o","og_url":"https:\/\/jornalbeirario.com.br\/portal\/?p=11892","og_site_name":"JORNAL BEIRA RIO","article_published_time":"2013-07-05T12:10:20+00:00","author":"Jornal BEIRA-RIO","twitter_card":"summary_large_image","twitter_misc":{"Escrito por":"Jornal BEIRA-RIO","Est. tempo de leitura":"5 minutos"},"schema":{"@context":"https:\/\/schema.org","@graph":[{"@type":"Article","@id":"https:\/\/jornalbeirario.com.br\/portal\/?p=11892#article","isPartOf":{"@id":"https:\/\/jornalbeirario.com.br\/portal\/?p=11892"},"author":{"name":"Jornal BEIRA-RIO","@id":"https:\/\/jornalbeirario.com.br\/portal\/#\/schema\/person\/c6c423e4c2465d2a9233f6539173e7c1"},"headline":"SOCIAL LA\u00cdS AMARAL","datePublished":"2013-07-05T12:10:20+00:00","mainEntityOfPage":{"@id":"https:\/\/jornalbeirario.com.br\/portal\/?p=11892"},"wordCount":935,"commentCount":0,"publisher":{"@id":"https:\/\/jornalbeirario.com.br\/portal\/#organization"},"articleSection":["Social"],"inLanguage":"pt-BR","potentialAction":[{"@type":"CommentAction","name":"Comment","target":["https:\/\/jornalbeirario.com.br\/portal\/?p=11892#respond"]}]},{"@type":"WebPage","@id":"https:\/\/jornalbeirario.com.br\/portal\/?p=11892","url":"https:\/\/jornalbeirario.com.br\/portal\/?p=11892","name":"SOCIAL LA\u00cdS AMARAL - JORNAL BEIRA RIO","isPartOf":{"@id":"https:\/\/jornalbeirario.com.br\/portal\/#website"},"datePublished":"2013-07-05T12:10:20+00:00","breadcrumb":{"@id":"https:\/\/jornalbeirario.com.br\/portal\/?p=11892#breadcrumb"},"inLanguage":"pt-BR","potentialAction":[{"@type":"ReadAction","target":["https:\/\/jornalbeirario.com.br\/portal\/?p=11892"]}]},{"@type":"BreadcrumbList","@id":"https:\/\/jornalbeirario.com.br\/portal\/?p=11892#breadcrumb","itemListElement":[{"@type":"ListItem","position":1,"name":"Home","item":"https:\/\/jornalbeirario.com.br\/portal"},{"@type":"ListItem","position":2,"name":"SOCIAL LA\u00cdS AMARAL"}]},{"@type":"WebSite","@id":"https:\/\/jornalbeirario.com.br\/portal\/#website","url":"https:\/\/jornalbeirario.com.br\/portal\/","name":"JORNAL BEIRA RIO","description":"","publisher":{"@id":"https:\/\/jornalbeirario.com.br\/portal\/#organization"},"potentialAction":[{"@type":"SearchAction","target":{"@type":"EntryPoint","urlTemplate":"https:\/\/jornalbeirario.com.br\/portal\/?s={search_term_string}"},"query-input":{"@type":"PropertyValueSpecification","valueRequired":true,"valueName":"search_term_string"}}],"inLanguage":"pt-BR"},{"@type":"Organization","@id":"https:\/\/jornalbeirario.com.br\/portal\/#organization","name":"JORNAL BEIRA RIO","url":"https:\/\/jornalbeirario.com.br\/portal\/","logo":{"@type":"ImageObject","inLanguage":"pt-BR","@id":"https:\/\/jornalbeirario.com.br\/portal\/#\/schema\/logo\/image\/","url":"https:\/\/jornalbeirario.com.br\/portal\/wp-content\/uploads\/2017\/09\/BEIRA-RIO_logo600.png","contentUrl":"https:\/\/jornalbeirario.com.br\/portal\/wp-content\/uploads\/2017\/09\/BEIRA-RIO_logo600.png","width":650,"height":108,"caption":"JORNAL BEIRA RIO"},"image":{"@id":"https:\/\/jornalbeirario.com.br\/portal\/#\/schema\/logo\/image\/"}},{"@type":"Person","@id":"https:\/\/jornalbeirario.com.br\/portal\/#\/schema\/person\/c6c423e4c2465d2a9233f6539173e7c1","name":"Jornal BEIRA-RIO","image":{"@type":"ImageObject","inLanguage":"pt-BR","@id":"https:\/\/jornalbeirario.com.br\/portal\/wp-content\/uploads\/2023\/10\/logojbr1.jpg","url":"https:\/\/jornalbeirario.com.br\/portal\/wp-content\/uploads\/2023\/10\/logojbr1.jpg","contentUrl":"https:\/\/jornalbeirario.com.br\/portal\/wp-content\/uploads\/2023\/10\/logojbr1.jpg","caption":"Jornal BEIRA-RIO"},"url":"https:\/\/jornalbeirario.com.br\/portal\/?author=1"}]}},"_links":{"self":[{"href":"https:\/\/jornalbeirario.com.br\/portal\/index.php?rest_route=\/wp\/v2\/posts\/11892","targetHints":{"allow":["GET"]}}],"collection":[{"href":"https:\/\/jornalbeirario.com.br\/portal\/index.php?rest_route=\/wp\/v2\/posts"}],"about":[{"href":"https:\/\/jornalbeirario.com.br\/portal\/index.php?rest_route=\/wp\/v2\/types\/post"}],"author":[{"embeddable":true,"href":"https:\/\/jornalbeirario.com.br\/portal\/index.php?rest_route=\/wp\/v2\/users\/1"}],"replies":[{"embeddable":true,"href":"https:\/\/jornalbeirario.com.br\/portal\/index.php?rest_route=%2Fwp%2Fv2%2Fcomments&post=11892"}],"version-history":[{"count":1,"href":"https:\/\/jornalbeirario.com.br\/portal\/index.php?rest_route=\/wp\/v2\/posts\/11892\/revisions"}],"predecessor-version":[{"id":11893,"href":"https:\/\/jornalbeirario.com.br\/portal\/index.php?rest_route=\/wp\/v2\/posts\/11892\/revisions\/11893"}],"wp:attachment":[{"href":"https:\/\/jornalbeirario.com.br\/portal\/index.php?rest_route=%2Fwp%2Fv2%2Fmedia&parent=11892"}],"wp:term":[{"taxonomy":"category","embeddable":true,"href":"https:\/\/jornalbeirario.com.br\/portal\/index.php?rest_route=%2Fwp%2Fv2%2Fcategories&post=11892"},{"taxonomy":"post_tag","embeddable":true,"href":"https:\/\/jornalbeirario.com.br\/portal\/index.php?rest_route=%2Fwp%2Fv2%2Ftags&post=11892"}],"curies":[{"name":"wp","href":"https:\/\/api.w.org\/{rel}","templated":true}]}}