
{"id":11594,"date":"2013-06-28T12:11:02","date_gmt":"2013-06-28T12:11:02","guid":{"rendered":"http:\/\/jornalbeirario.com.br\/portal\/portal\/?p=11594"},"modified":"2013-06-28T12:12:16","modified_gmt":"2013-06-28T12:12:16","slug":"lais-amaral-20","status":"publish","type":"post","link":"https:\/\/jornalbeirario.com.br\/portal\/?p=11594","title":{"rendered":"La\u00eds Amaral"},"content":{"rendered":"<p><strong>\u2018O Marinheiro\u2019, uma bela viagem<\/strong><br \/>\nAssisti domingo passado a pe\u00e7a, \u2018O Marinheiro\u2019, que ficou em cartaz no teatro do Espa\u00e7o \u2018Z\u2019 por tr\u00eas finais de semana. Gostei e a pe\u00e7a agradou em cheio a quem assistiu. Um bom p\u00fablico compareceu domingo no simp\u00e1tico teatrinho. O texto \u00e9 complexo, denso. O poeta portugu\u00eas Fernando Pessoa estava viajando internamente quando escreveu. O diretor Cal\u00e9 Miranda o apresentou na \u00edntegra com a segura interpreta\u00e7\u00e3o das tr\u00eas atrizes. Aquela emo\u00e7\u00e3o contida como me disse a amiga Zil. A beleza pl\u00e1stica conseguida com a cenografia (incluindo ilumina\u00e7\u00e3o) que o Cal\u00e9 colocou no palco, envolveu e hipnotizou a plateia. A m\u00fasica tamb\u00e9m bel\u00edssima, envolvente. Muita beleza naqueles pouco mais de 60 minutos de espet\u00e1culo. Parab\u00e9ns ao Cal\u00e9, mais uma vez e parab\u00e9ns a todo o grupo \u2018Cia. Da A\u00e7\u00e3o\u2019. Um aplauso \u00e0 parte \u00e0s atrizes Carla Biolchini, M\u00f4nica Izidoro e F\u00e1tima Colin. Da Carla Biochini sou um antigo f\u00e3 de carterinha. F\u00e1tima Colin, n\u00e3o conhecia e curti seu sotaque nordestino. M\u00f4nica Izidoro est\u00e1 melhor a cada apresenta\u00e7\u00e3o. Muito boas. Quem perdeu, perdeu mesmo.<\/p>\n<p><strong>Artes\u00e3os se capacitam<\/strong><br \/>\nOs artes\u00e3os de Resende est\u00e3o com uma excelente oportunidade de se capacitarem para gerir seus neg\u00f3cios. A secretaria municipal de com\u00e9rcio em parceria com o Sebrae est\u00e1 promovendo uma s\u00e9rie de oficinas com esse objetivo. Segunda-feira, dia 24, aconteceram as oficinas \u2018Sei Planejar\u2019 e \u2018Sei Empreender\u2019. E elas continuam nas pr\u00f3ximas semanas: \u2018Sei comprar\u2019 (dias 2 e 3), \u2018Sei Controlar meu dinheiro\u2019 (dias 9 e 10); e \u2018Sei Vender) (dias 16 e 17). Os interessados devem se cadastrar na secretaria pelo telefone 3360-8902 ou pelo e-mail: smc_artesanato@yahoo.com.br. E aproveite e informe-se sobre a linha de cr\u00e9dito da Caixa Econ\u00f4mica para trabalhadores informais.<\/p>\n<p><strong>TRIPA<\/strong><br \/>\n* Amanh\u00e3 (s\u00e1bado), dia 29, Tem chorinho na \u2018Rua da M\u00fasica\u2019 com o grupo \u201cN\u00f3s nas Cordas\u201d. A Rua da M\u00fasica agora est\u00e1 sendo realizada na Pra\u00e7a da Bandeira, em Campos El\u00edseos * As manifesta\u00e7\u00f5es de rua n\u00e3o est\u00e3o restritas \u00e0 garotada com rosto pintado de verde e amarelo que a TV mostra. Outras manifesta\u00e7\u00f5es acontecem por a\u00ed e n\u00e3o aparecem no Jornal Nacional. Em S\u00e3o Paulo jovens da Central \u00danica de Favelas e do Movimento dos Trabalhadores Sem Teto foram pra rua. O jovem Guilherme Sim\u00f5es do movimento Periferia Ativa, de S\u00e3o Paulo em entrevista essa semana disse que o Movimento Passe Livre saiu das manifesta\u00e7\u00f5es que foram estranhamente tomadas por bandeiras conservadoras. Com rela\u00e7\u00e3o aos jovens de classe m\u00e9dia Guilherme disse que enquanto eles dormiam (costumam dizer que acordaram) os jovens de periferia j\u00e1 estavam nas ruas lutando por condi\u00e7\u00f5es dignas em suas vidas. Nem tudo \u00e9 oba-oba * S\u00e1bado passado a tradicional \u2018purrinha\u2019 do bar do C\u00e9rgio alcan\u00e7ou uma marca digna de registro: cinco horas ininterruptas. E o C\u00e9rgio fazendo o malabarismo de, em paralelo, atender seus clientes * Dia 29 todo mundo j\u00e1 sabe, \u00e9 dia do \u2018Inhoque da Fortuna\u2019, dos meus amigos Odylo Franco e Maria Carmem * O Magno, da Padaria, adora um joguinho de truco. Isso n\u00e3o \u00e9 nenhuma novidade. Que \u00e9 flamenguista doente tamb\u00e9m ningu\u00e9m desconhece, mas que tem uma quedinha pelo Botafogo, poucos sabem. Magno \u00e9 padrinho de casamento de dois botafoguenses empedernidos que s\u00e3o o Nogueira e o Rodolfo e em breve ser\u00e1 padrinho tamb\u00e9m do \u2018Z\u00e9 Botafogo\u2019. Tem ou n\u00e3o tem uma liga\u00e7\u00e3o forte com o Glorioso ?! * O time de futebol de campo dos Brameiros joga domingo contra o time da Capelinha, \u00e0s 9 horas no campo do Ipiranga.<\/p>\n<p><strong>ANIVERS\u00c1RIOS<\/strong><br \/>\nDia 21, foi anivers\u00e1rio do Francisco, o filh\u00e3o da Simone e do \u00c2ngelo Tramezino. Recebeu muito amiguinhos no domingo, quando soprou a sua primeira velinha. Foi um fest\u00e3o. Na Segunda, dia 24, aniversariou minha amiga Dalrea. Na ter\u00e7a (25), mais amigos: a poeta Anielli Carraro e o botafoguense roxo, H\u00e9rcules Nogueira que comemorou com amigos da Turma dos Brameiros no \u2018beco do Garniz\u00e9\u2019. Na quarta (26) receberam os \u2018parab\u00e9ns\u2019, o vereador Jos\u00e9 Ol\u00edmpio, a Laura Viegas e o publicit\u00e1rio Ricardo Moraes. Ontem (27) o Vagner Cherem contou mais um ano de vida. Hoje (28), o Fernando Rosadas e o Luiz Moraes (Carioca) ficam mais experientes. Amanh\u00e3 (29), \u00e9 a vez do meu sobrinho Felipe F\u00e1varo, das amigas Isabel Rodrigues e Karla Takayama e do Peterson, filho da dona Vera. E no domingo o Luiz Henrique Pimentel, o meu amigo Jorge Malafronte e minha filha querida, Carolina Amaral. Parab\u00e9ns e todas as felicidades do mundo a eles.<\/p>\n","protected":false},"excerpt":{"rendered":"<p>\u2018O Marinheiro\u2019, uma bela viagem Assisti domingo passado a pe\u00e7a, \u2018O Marinheiro\u2019, que ficou em cartaz no teatro do Espa\u00e7o \u2018Z\u2019 por tr\u00eas finais<\/p>\n","protected":false},"author":1,"featured_media":0,"comment_status":"open","ping_status":"open","sticky":false,"template":"","format":"standard","meta":{"pmpro_default_level":"","footnotes":""},"categories":[13],"tags":[155],"class_list":["post-11594","post","type-post","status-publish","format-standard","hentry","category-social","tag-dehoraemhora","pmpro-has-access"],"yoast_head":"<!-- This site is optimized with the Yoast SEO plugin v27.4 - https:\/\/yoast.com\/product\/yoast-seo-wordpress\/ -->\n<title>La\u00eds Amaral - JORNAL BEIRA RIO<\/title>\n<meta name=\"robots\" content=\"index, follow, max-snippet:-1, max-image-preview:large, max-video-preview:-1\" \/>\n<link rel=\"canonical\" href=\"https:\/\/jornalbeirario.com.br\/portal\/?p=11594\" \/>\n<meta property=\"og:locale\" content=\"pt_BR\" \/>\n<meta property=\"og:type\" content=\"article\" \/>\n<meta property=\"og:title\" content=\"La\u00eds Amaral - JORNAL BEIRA RIO\" \/>\n<meta property=\"og:description\" content=\"\u2018O Marinheiro\u2019, uma bela viagem Assisti domingo passado a pe\u00e7a, \u2018O Marinheiro\u2019, que ficou em cartaz no teatro do Espa\u00e7o \u2018Z\u2019 por tr\u00eas finais\" \/>\n<meta property=\"og:url\" content=\"https:\/\/jornalbeirario.com.br\/portal\/?p=11594\" \/>\n<meta property=\"og:site_name\" content=\"JORNAL BEIRA RIO\" \/>\n<meta property=\"article:published_time\" content=\"2013-06-28T12:11:02+00:00\" \/>\n<meta property=\"article:modified_time\" content=\"2013-06-28T12:12:16+00:00\" \/>\n<meta name=\"author\" content=\"Jornal BEIRA-RIO\" \/>\n<meta name=\"twitter:card\" content=\"summary_large_image\" \/>\n<meta name=\"twitter:label1\" content=\"Escrito por\" \/>\n\t<meta name=\"twitter:data1\" content=\"Jornal BEIRA-RIO\" \/>\n\t<meta name=\"twitter:label2\" content=\"Est. tempo de leitura\" \/>\n\t<meta name=\"twitter:data2\" content=\"4 minutos\" \/>\n<script type=\"application\/ld+json\" class=\"yoast-schema-graph\">{\"@context\":\"https:\\\/\\\/schema.org\",\"@graph\":[{\"@type\":\"Article\",\"@id\":\"https:\\\/\\\/jornalbeirario.com.br\\\/portal\\\/?p=11594#article\",\"isPartOf\":{\"@id\":\"https:\\\/\\\/jornalbeirario.com.br\\\/portal\\\/?p=11594\"},\"author\":{\"name\":\"Jornal BEIRA-RIO\",\"@id\":\"https:\\\/\\\/jornalbeirario.com.br\\\/portal\\\/#\\\/schema\\\/person\\\/c6c423e4c2465d2a9233f6539173e7c1\"},\"headline\":\"La\u00eds Amaral\",\"datePublished\":\"2013-06-28T12:11:02+00:00\",\"dateModified\":\"2013-06-28T12:12:16+00:00\",\"mainEntityOfPage\":{\"@id\":\"https:\\\/\\\/jornalbeirario.com.br\\\/portal\\\/?p=11594\"},\"wordCount\":779,\"commentCount\":0,\"publisher\":{\"@id\":\"https:\\\/\\\/jornalbeirario.com.br\\\/portal\\\/#organization\"},\"keywords\":[\"dehoraemhora\"],\"articleSection\":[\"Social\"],\"inLanguage\":\"pt-BR\",\"potentialAction\":[{\"@type\":\"CommentAction\",\"name\":\"Comment\",\"target\":[\"https:\\\/\\\/jornalbeirario.com.br\\\/portal\\\/?p=11594#respond\"]}]},{\"@type\":\"WebPage\",\"@id\":\"https:\\\/\\\/jornalbeirario.com.br\\\/portal\\\/?p=11594\",\"url\":\"https:\\\/\\\/jornalbeirario.com.br\\\/portal\\\/?p=11594\",\"name\":\"La\u00eds Amaral - JORNAL BEIRA RIO\",\"isPartOf\":{\"@id\":\"https:\\\/\\\/jornalbeirario.com.br\\\/portal\\\/#website\"},\"datePublished\":\"2013-06-28T12:11:02+00:00\",\"dateModified\":\"2013-06-28T12:12:16+00:00\",\"breadcrumb\":{\"@id\":\"https:\\\/\\\/jornalbeirario.com.br\\\/portal\\\/?p=11594#breadcrumb\"},\"inLanguage\":\"pt-BR\",\"potentialAction\":[{\"@type\":\"ReadAction\",\"target\":[\"https:\\\/\\\/jornalbeirario.com.br\\\/portal\\\/?p=11594\"]}]},{\"@type\":\"BreadcrumbList\",\"@id\":\"https:\\\/\\\/jornalbeirario.com.br\\\/portal\\\/?p=11594#breadcrumb\",\"itemListElement\":[{\"@type\":\"ListItem\",\"position\":1,\"name\":\"Home\",\"item\":\"https:\\\/\\\/jornalbeirario.com.br\\\/portal\"},{\"@type\":\"ListItem\",\"position\":2,\"name\":\"La\u00eds Amaral\"}]},{\"@type\":\"WebSite\",\"@id\":\"https:\\\/\\\/jornalbeirario.com.br\\\/portal\\\/#website\",\"url\":\"https:\\\/\\\/jornalbeirario.com.br\\\/portal\\\/\",\"name\":\"JORNAL BEIRA RIO\",\"description\":\"\",\"publisher\":{\"@id\":\"https:\\\/\\\/jornalbeirario.com.br\\\/portal\\\/#organization\"},\"potentialAction\":[{\"@type\":\"SearchAction\",\"target\":{\"@type\":\"EntryPoint\",\"urlTemplate\":\"https:\\\/\\\/jornalbeirario.com.br\\\/portal\\\/?s={search_term_string}\"},\"query-input\":{\"@type\":\"PropertyValueSpecification\",\"valueRequired\":true,\"valueName\":\"search_term_string\"}}],\"inLanguage\":\"pt-BR\"},{\"@type\":\"Organization\",\"@id\":\"https:\\\/\\\/jornalbeirario.com.br\\\/portal\\\/#organization\",\"name\":\"JORNAL BEIRA RIO\",\"url\":\"https:\\\/\\\/jornalbeirario.com.br\\\/portal\\\/\",\"logo\":{\"@type\":\"ImageObject\",\"inLanguage\":\"pt-BR\",\"@id\":\"https:\\\/\\\/jornalbeirario.com.br\\\/portal\\\/#\\\/schema\\\/logo\\\/image\\\/\",\"url\":\"https:\\\/\\\/jornalbeirario.com.br\\\/portal\\\/wp-content\\\/uploads\\\/2017\\\/09\\\/BEIRA-RIO_logo600.png\",\"contentUrl\":\"https:\\\/\\\/jornalbeirario.com.br\\\/portal\\\/wp-content\\\/uploads\\\/2017\\\/09\\\/BEIRA-RIO_logo600.png\",\"width\":650,\"height\":108,\"caption\":\"JORNAL BEIRA RIO\"},\"image\":{\"@id\":\"https:\\\/\\\/jornalbeirario.com.br\\\/portal\\\/#\\\/schema\\\/logo\\\/image\\\/\"}},{\"@type\":\"Person\",\"@id\":\"https:\\\/\\\/jornalbeirario.com.br\\\/portal\\\/#\\\/schema\\\/person\\\/c6c423e4c2465d2a9233f6539173e7c1\",\"name\":\"Jornal BEIRA-RIO\",\"image\":{\"@type\":\"ImageObject\",\"inLanguage\":\"pt-BR\",\"@id\":\"https:\\\/\\\/jornalbeirario.com.br\\\/portal\\\/wp-content\\\/uploads\\\/2023\\\/10\\\/logojbr1.jpg\",\"url\":\"https:\\\/\\\/jornalbeirario.com.br\\\/portal\\\/wp-content\\\/uploads\\\/2023\\\/10\\\/logojbr1.jpg\",\"contentUrl\":\"https:\\\/\\\/jornalbeirario.com.br\\\/portal\\\/wp-content\\\/uploads\\\/2023\\\/10\\\/logojbr1.jpg\",\"caption\":\"Jornal BEIRA-RIO\"},\"url\":\"https:\\\/\\\/jornalbeirario.com.br\\\/portal\\\/?author=1\"}]}<\/script>\n<!-- \/ Yoast SEO plugin. -->","yoast_head_json":{"title":"La\u00eds Amaral - JORNAL BEIRA RIO","robots":{"index":"index","follow":"follow","max-snippet":"max-snippet:-1","max-image-preview":"max-image-preview:large","max-video-preview":"max-video-preview:-1"},"canonical":"https:\/\/jornalbeirario.com.br\/portal\/?p=11594","og_locale":"pt_BR","og_type":"article","og_title":"La\u00eds Amaral - JORNAL BEIRA RIO","og_description":"\u2018O Marinheiro\u2019, uma bela viagem Assisti domingo passado a pe\u00e7a, \u2018O Marinheiro\u2019, que ficou em cartaz no teatro do Espa\u00e7o \u2018Z\u2019 por tr\u00eas finais","og_url":"https:\/\/jornalbeirario.com.br\/portal\/?p=11594","og_site_name":"JORNAL BEIRA RIO","article_published_time":"2013-06-28T12:11:02+00:00","article_modified_time":"2013-06-28T12:12:16+00:00","author":"Jornal BEIRA-RIO","twitter_card":"summary_large_image","twitter_misc":{"Escrito por":"Jornal BEIRA-RIO","Est. tempo de leitura":"4 minutos"},"schema":{"@context":"https:\/\/schema.org","@graph":[{"@type":"Article","@id":"https:\/\/jornalbeirario.com.br\/portal\/?p=11594#article","isPartOf":{"@id":"https:\/\/jornalbeirario.com.br\/portal\/?p=11594"},"author":{"name":"Jornal BEIRA-RIO","@id":"https:\/\/jornalbeirario.com.br\/portal\/#\/schema\/person\/c6c423e4c2465d2a9233f6539173e7c1"},"headline":"La\u00eds Amaral","datePublished":"2013-06-28T12:11:02+00:00","dateModified":"2013-06-28T12:12:16+00:00","mainEntityOfPage":{"@id":"https:\/\/jornalbeirario.com.br\/portal\/?p=11594"},"wordCount":779,"commentCount":0,"publisher":{"@id":"https:\/\/jornalbeirario.com.br\/portal\/#organization"},"keywords":["dehoraemhora"],"articleSection":["Social"],"inLanguage":"pt-BR","potentialAction":[{"@type":"CommentAction","name":"Comment","target":["https:\/\/jornalbeirario.com.br\/portal\/?p=11594#respond"]}]},{"@type":"WebPage","@id":"https:\/\/jornalbeirario.com.br\/portal\/?p=11594","url":"https:\/\/jornalbeirario.com.br\/portal\/?p=11594","name":"La\u00eds Amaral - JORNAL BEIRA RIO","isPartOf":{"@id":"https:\/\/jornalbeirario.com.br\/portal\/#website"},"datePublished":"2013-06-28T12:11:02+00:00","dateModified":"2013-06-28T12:12:16+00:00","breadcrumb":{"@id":"https:\/\/jornalbeirario.com.br\/portal\/?p=11594#breadcrumb"},"inLanguage":"pt-BR","potentialAction":[{"@type":"ReadAction","target":["https:\/\/jornalbeirario.com.br\/portal\/?p=11594"]}]},{"@type":"BreadcrumbList","@id":"https:\/\/jornalbeirario.com.br\/portal\/?p=11594#breadcrumb","itemListElement":[{"@type":"ListItem","position":1,"name":"Home","item":"https:\/\/jornalbeirario.com.br\/portal"},{"@type":"ListItem","position":2,"name":"La\u00eds Amaral"}]},{"@type":"WebSite","@id":"https:\/\/jornalbeirario.com.br\/portal\/#website","url":"https:\/\/jornalbeirario.com.br\/portal\/","name":"JORNAL BEIRA RIO","description":"","publisher":{"@id":"https:\/\/jornalbeirario.com.br\/portal\/#organization"},"potentialAction":[{"@type":"SearchAction","target":{"@type":"EntryPoint","urlTemplate":"https:\/\/jornalbeirario.com.br\/portal\/?s={search_term_string}"},"query-input":{"@type":"PropertyValueSpecification","valueRequired":true,"valueName":"search_term_string"}}],"inLanguage":"pt-BR"},{"@type":"Organization","@id":"https:\/\/jornalbeirario.com.br\/portal\/#organization","name":"JORNAL BEIRA RIO","url":"https:\/\/jornalbeirario.com.br\/portal\/","logo":{"@type":"ImageObject","inLanguage":"pt-BR","@id":"https:\/\/jornalbeirario.com.br\/portal\/#\/schema\/logo\/image\/","url":"https:\/\/jornalbeirario.com.br\/portal\/wp-content\/uploads\/2017\/09\/BEIRA-RIO_logo600.png","contentUrl":"https:\/\/jornalbeirario.com.br\/portal\/wp-content\/uploads\/2017\/09\/BEIRA-RIO_logo600.png","width":650,"height":108,"caption":"JORNAL BEIRA RIO"},"image":{"@id":"https:\/\/jornalbeirario.com.br\/portal\/#\/schema\/logo\/image\/"}},{"@type":"Person","@id":"https:\/\/jornalbeirario.com.br\/portal\/#\/schema\/person\/c6c423e4c2465d2a9233f6539173e7c1","name":"Jornal BEIRA-RIO","image":{"@type":"ImageObject","inLanguage":"pt-BR","@id":"https:\/\/jornalbeirario.com.br\/portal\/wp-content\/uploads\/2023\/10\/logojbr1.jpg","url":"https:\/\/jornalbeirario.com.br\/portal\/wp-content\/uploads\/2023\/10\/logojbr1.jpg","contentUrl":"https:\/\/jornalbeirario.com.br\/portal\/wp-content\/uploads\/2023\/10\/logojbr1.jpg","caption":"Jornal BEIRA-RIO"},"url":"https:\/\/jornalbeirario.com.br\/portal\/?author=1"}]}},"_links":{"self":[{"href":"https:\/\/jornalbeirario.com.br\/portal\/index.php?rest_route=\/wp\/v2\/posts\/11594","targetHints":{"allow":["GET"]}}],"collection":[{"href":"https:\/\/jornalbeirario.com.br\/portal\/index.php?rest_route=\/wp\/v2\/posts"}],"about":[{"href":"https:\/\/jornalbeirario.com.br\/portal\/index.php?rest_route=\/wp\/v2\/types\/post"}],"author":[{"embeddable":true,"href":"https:\/\/jornalbeirario.com.br\/portal\/index.php?rest_route=\/wp\/v2\/users\/1"}],"replies":[{"embeddable":true,"href":"https:\/\/jornalbeirario.com.br\/portal\/index.php?rest_route=%2Fwp%2Fv2%2Fcomments&post=11594"}],"version-history":[{"count":4,"href":"https:\/\/jornalbeirario.com.br\/portal\/index.php?rest_route=\/wp\/v2\/posts\/11594\/revisions"}],"predecessor-version":[{"id":11604,"href":"https:\/\/jornalbeirario.com.br\/portal\/index.php?rest_route=\/wp\/v2\/posts\/11594\/revisions\/11604"}],"wp:attachment":[{"href":"https:\/\/jornalbeirario.com.br\/portal\/index.php?rest_route=%2Fwp%2Fv2%2Fmedia&parent=11594"}],"wp:term":[{"taxonomy":"category","embeddable":true,"href":"https:\/\/jornalbeirario.com.br\/portal\/index.php?rest_route=%2Fwp%2Fv2%2Fcategories&post=11594"},{"taxonomy":"post_tag","embeddable":true,"href":"https:\/\/jornalbeirario.com.br\/portal\/index.php?rest_route=%2Fwp%2Fv2%2Ftags&post=11594"}],"curies":[{"name":"wp","href":"https:\/\/api.w.org\/{rel}","templated":true}]}}