
{"id":11279,"date":"2013-06-21T12:40:27","date_gmt":"2013-06-21T12:40:27","guid":{"rendered":"http:\/\/jornalbeirario.com.br\/portal\/portal\/?p=11279"},"modified":"2013-06-21T12:40:27","modified_gmt":"2013-06-21T12:40:27","slug":"cartas-e-emails-14","status":"publish","type":"post","link":"https:\/\/jornalbeirario.com.br\/portal\/?p=11279","title":{"rendered":"CARTAS E EMAILS"},"content":{"rendered":"<p style=\"text-align: justify;\">Prezada Editora,<br \/>\nA Prefeitura de Resende promoveu concurso p\u00fablico em 2010, tendo este sido renovado por mais dois anos.<br \/>\nOcorre que, no inicio do ano, fui convocada para tomar posse do cargo o qual prestei concurso. At\u00e9 ai, tudo bem. Passei por todas as etapas (peguei a convoca\u00e7\u00e3o, fiz todos os exames, fiz o cadastro na Resenprevi, deixei toda a documenta\u00e7\u00e3o na Secretaria de Administra\u00e7\u00e3o), sendo que, por fim, mandaram aguardar, pois o trabalho seria, a partir daquele momento, interno e que faltaria apenas o tal ato de posse e que este dependeria do secretario de administra\u00e7\u00e3o.<br \/>\nEis que vi meu nome publicado em decreto assinado pelo prefeito e ja publicado ha coisa de poucos dias. Entrei em contato com a prefeitura e eles me disseram que ainda n\u00e3o esta valendo pois o tal ato de posse ainda nao fora assinado!<br \/>\nOra, isso pode Arnaldo? Publicam o decreto j\u00e1 assinado pelo prefeito, mas ainda n\u00e3o tem o tal ato? Afinal, o que d\u00e1 validade? O ato ou o decreto?<br \/>\nDaqui a pouco v\u00e3o falar que eu n\u00e3o me apresentei e que a culpa ainda \u00e9 minha!<br \/>\nImagino que n\u00e3o deva ser a \u00fanica nessa situa\u00e7\u00e3o. Mas tudo tem limite!<br \/>\nEstou nessa de \u201ctomar posse\u201d h\u00e1 quase 2 meses! Falaram-me para eu pedir contas no meu trabalho e aguardar a nomea\u00e7\u00e3o\u2026 Que sairia r\u00e1pido! Imagine se eu tivesse feito isso? Quem iria me sustentar?<br \/>\nSei que todo ato do poder p\u00fablico tem prazo. Acredito que a prefeitura deva ter perdido todos os que possua com rela\u00e7\u00e3o a este concurso\u2026<br \/>\nUma coisa \u00e9 certa\u2026 Resende surpreende! Negativamente\u2026 Infelizmente!<br \/>\nConcursada<\/p>\n<p>Sra Editora,<br \/>\nVi que a senhora esteve presente ao VI F\u00f3rum de Educa\u00e7\u00e3o de Resende! Da\u00ed n\u00e3o resisti em\u00a0 lhe escrever e compartilhar minhas inquieta\u00e7\u00f5es.<br \/>\nPrimeiramente, creio que cabe relembrar\u00a0 sobre o significado de F\u00f3rum: \u201creuni\u00e3o onde se discute determinado tema\u201d. Pois bem, n\u00e3o foi o que aconteceu no \u201cVI FOMER\u201d!\u00a0 Em nenhum momento as pessoas que l\u00e1 estavam tiveram\u00a0 oportunidade de discutir qualquer assunto. O que se viu foi uma plateia. Plateia inteiramente pacificada. T\u00e3o pacificada que, quando chamada a eleger novos membros para o Conselho Municipal de Educa\u00e7\u00e3o, reelegeu, exatamente, 90% dos membros n\u00e3o governamentais!\u00a0 O que, certamente, vai ratificar o papel meramente burocr\u00e1tico do Conselho, considerando o relat\u00f3rio apresentado.\u00a0 Desse modo, ao negligenciar seu efetivo papel, o t\u00e3o elogiado Conselho, que pouco fez, pouco far\u00e1 pela Educa\u00e7\u00e3o do Munic\u00edpio de Resende nos pr\u00f3ximos 2 anos.<br \/>\nSegundo o que foi divulgado, o evento teria como objetivo discutir o panorama da educa\u00e7\u00e3o no munic\u00edpio, al\u00e9m de debater propostas para a melhoria do ensino. Doce ilus\u00e3o!<br \/>\nO que se viu foi a Secret\u00e1ria de Educa\u00e7\u00e3o apresentar, linearmente, uma lista de programas, a maioria com financiamento do governo federal. Nenhuma an\u00e1lise, nenhuma avalia\u00e7\u00e3o dos resultados dos referidos programas. Quais os efeitos de tais programas na rede municipal?<br \/>\nA Secret\u00e1ria afirmou que o Municipio atende \u201ccerca de 14000 alunos\u201d!!\u00a0 A Secretaria n\u00e3o sabe, efetivamente, quantos alunos s\u00e3o atendidos?\u00a0 Houve crescimento no atendimento?<br \/>\nE os \u00edndices?<br \/>\nQual o IDEB do Munic\u00edpio? Qual a posi\u00e7\u00e3o do Munic\u00edpio em rela\u00e7\u00e3o ao Estado e ao Brasil? Quais as metas e estrat\u00e9gias da Secretaria com rela\u00e7\u00e3o ao IDEB do Munic\u00edpio?\u00a0 Nenhuma escola se destacou com rela\u00e7\u00e3o ao IDEB?<br \/>\nQual o \u00edndice de aprova\u00e7\u00e3o na rede municipal? Houve queda na evas\u00e3o? E o n\u00famero de analfabetos\u00a0 no munic\u00edpio, a quantas anda?<br \/>\nAfinal, qual o panorama da educa\u00e7\u00e3o do munic\u00edpio?<br \/>\nFoi dito que pretendem elaborar um plano para a educa\u00e7\u00e3o municipal!<br \/>\nAo final do \u201cF\u00f3rum\u201d, lembrei-me de um di\u00e1logo da obra \u201cAlice no Pa\u00eds das Maravilhas\u201d, de Lewis Carrol:<br \/>\n\u201c &#8211; Pode dizer-me que caminho devo tomar?<br \/>\n&#8211; Isto depende do lugar para onde voc\u00ea quer ir.<br \/>\n&#8211; N\u00e3o tenho destino certo.<br \/>\n&#8211;\u00a0 Neste caso qualquer caminho serve. \u201d<br \/>\nE como dizia minha av\u00f3: qualquer semelhan\u00e7a , \u00e9 mera coincid\u00eancia!<br \/>\nTayara Magacho<\/p>\n<p>Limita\u00e7\u00e3o<\/p>\n<p>Sabe do Tom Jobim<br \/>\nDigo que antes assim<br \/>\nMas ignora o Cartola.<br \/>\nDo Jacob do Bandolim<br \/>\nNazareth, Chiquinha, enfim<br \/>\nNada em sua cachola.<\/p>\n<p>Sobre Nelson Cavaquinho<br \/>\nSalve a Nara, nesse ninho<br \/>\nAmpliou a sua fonte.<br \/>\nCedo, saltou do barquinho<br \/>\nEncontrou ent\u00e3o Paulinho.<br \/>\nNa fronteira, fez a ponte.<\/p>\n<p>Quanto ao item l\u00e1 em cima<br \/>\nAt\u00e9 hoje, a m\u00eddia prima<br \/>\nPor espa\u00e7os generosos.<br \/>\nCerta classe legitima<br \/>\nSem saber de outras rimas<br \/>\nSobre as quais, nada ciosos.<\/p>\n<p>H\u00e1 alguns remanescentes<br \/>\nQue l\u00e1 no Sol Nascente<br \/>\nAt\u00e9 conseguem algum m\u00e9rito.<br \/>\nUm pouco de ingrediente<br \/>\nApoiado em descendentes<br \/>\nDo movimento pret\u00e9rito.<\/p>\n<p>J\u00e1 houve cinquenten\u00e1rio<br \/>\nMas nada de extraordin\u00e1rio<br \/>\nA n\u00e3o ser uns bons<br \/>\ncontratos.<br \/>\nMas no sistema vi\u00e1rio<br \/>\nQuem j\u00e1 \u00e9 do obitu\u00e1rio<br \/>\nD\u00e1 seu nome e retrato.<\/p>\n<p>Mas a Lapa que regressa<br \/>\nTrouxe samba bom \u00e0 be\u00e7a<br \/>\nComo o Sem Compromisso.<br \/>\nChegando sem muita pressa<br \/>\nResgatou o que interessa.<br \/>\nDa Vila, veio o feiti\u00e7o.<br \/>\nAntonio Francisco<\/p>\n","protected":false},"excerpt":{"rendered":"<p>Prezada Editora, A Prefeitura de Resende promoveu concurso p\u00fablico em 2010, tendo este sido renovado por mais dois anos. Ocorre que, no inicio do<\/p>\n","protected":false},"author":1,"featured_media":0,"comment_status":"open","ping_status":"open","sticky":false,"template":"","format":"standard","meta":{"pmpro_default_level":"","footnotes":""},"categories":[8],"tags":[],"class_list":["post-11279","post","type-post","status-publish","format-standard","hentry","category-opiniao","pmpro-has-access"],"yoast_head":"<!-- This site is optimized with the Yoast SEO plugin v27.4 - https:\/\/yoast.com\/product\/yoast-seo-wordpress\/ -->\n<title>CARTAS E EMAILS - JORNAL BEIRA RIO<\/title>\n<meta name=\"robots\" content=\"index, follow, max-snippet:-1, max-image-preview:large, max-video-preview:-1\" \/>\n<link rel=\"canonical\" href=\"https:\/\/jornalbeirario.com.br\/portal\/?p=11279\" \/>\n<meta property=\"og:locale\" content=\"pt_BR\" \/>\n<meta property=\"og:type\" content=\"article\" \/>\n<meta property=\"og:title\" content=\"CARTAS E EMAILS - JORNAL BEIRA RIO\" \/>\n<meta property=\"og:description\" content=\"Prezada Editora, A Prefeitura de Resende promoveu concurso p\u00fablico em 2010, tendo este sido renovado por mais dois anos. Ocorre que, no inicio do\" \/>\n<meta property=\"og:url\" content=\"https:\/\/jornalbeirario.com.br\/portal\/?p=11279\" \/>\n<meta property=\"og:site_name\" content=\"JORNAL BEIRA RIO\" \/>\n<meta property=\"article:published_time\" content=\"2013-06-21T12:40:27+00:00\" \/>\n<meta name=\"author\" content=\"Jornal BEIRA-RIO\" \/>\n<meta name=\"twitter:card\" content=\"summary_large_image\" \/>\n<meta name=\"twitter:label1\" content=\"Escrito por\" \/>\n\t<meta name=\"twitter:data1\" content=\"Jornal BEIRA-RIO\" \/>\n\t<meta name=\"twitter:label2\" content=\"Est. tempo de leitura\" \/>\n\t<meta name=\"twitter:data2\" content=\"4 minutos\" \/>\n<script type=\"application\/ld+json\" class=\"yoast-schema-graph\">{\"@context\":\"https:\\\/\\\/schema.org\",\"@graph\":[{\"@type\":\"Article\",\"@id\":\"https:\\\/\\\/jornalbeirario.com.br\\\/portal\\\/?p=11279#article\",\"isPartOf\":{\"@id\":\"https:\\\/\\\/jornalbeirario.com.br\\\/portal\\\/?p=11279\"},\"author\":{\"name\":\"Jornal BEIRA-RIO\",\"@id\":\"https:\\\/\\\/jornalbeirario.com.br\\\/portal\\\/#\\\/schema\\\/person\\\/c6c423e4c2465d2a9233f6539173e7c1\"},\"headline\":\"CARTAS E EMAILS\",\"datePublished\":\"2013-06-21T12:40:27+00:00\",\"mainEntityOfPage\":{\"@id\":\"https:\\\/\\\/jornalbeirario.com.br\\\/portal\\\/?p=11279\"},\"wordCount\":859,\"commentCount\":0,\"publisher\":{\"@id\":\"https:\\\/\\\/jornalbeirario.com.br\\\/portal\\\/#organization\"},\"articleSection\":[\"Opini\u00e3o\"],\"inLanguage\":\"pt-BR\",\"potentialAction\":[{\"@type\":\"CommentAction\",\"name\":\"Comment\",\"target\":[\"https:\\\/\\\/jornalbeirario.com.br\\\/portal\\\/?p=11279#respond\"]}]},{\"@type\":\"WebPage\",\"@id\":\"https:\\\/\\\/jornalbeirario.com.br\\\/portal\\\/?p=11279\",\"url\":\"https:\\\/\\\/jornalbeirario.com.br\\\/portal\\\/?p=11279\",\"name\":\"CARTAS E EMAILS - JORNAL BEIRA RIO\",\"isPartOf\":{\"@id\":\"https:\\\/\\\/jornalbeirario.com.br\\\/portal\\\/#website\"},\"datePublished\":\"2013-06-21T12:40:27+00:00\",\"breadcrumb\":{\"@id\":\"https:\\\/\\\/jornalbeirario.com.br\\\/portal\\\/?p=11279#breadcrumb\"},\"inLanguage\":\"pt-BR\",\"potentialAction\":[{\"@type\":\"ReadAction\",\"target\":[\"https:\\\/\\\/jornalbeirario.com.br\\\/portal\\\/?p=11279\"]}]},{\"@type\":\"BreadcrumbList\",\"@id\":\"https:\\\/\\\/jornalbeirario.com.br\\\/portal\\\/?p=11279#breadcrumb\",\"itemListElement\":[{\"@type\":\"ListItem\",\"position\":1,\"name\":\"Home\",\"item\":\"https:\\\/\\\/jornalbeirario.com.br\\\/portal\"},{\"@type\":\"ListItem\",\"position\":2,\"name\":\"CARTAS E EMAILS\"}]},{\"@type\":\"WebSite\",\"@id\":\"https:\\\/\\\/jornalbeirario.com.br\\\/portal\\\/#website\",\"url\":\"https:\\\/\\\/jornalbeirario.com.br\\\/portal\\\/\",\"name\":\"JORNAL BEIRA RIO\",\"description\":\"\",\"publisher\":{\"@id\":\"https:\\\/\\\/jornalbeirario.com.br\\\/portal\\\/#organization\"},\"potentialAction\":[{\"@type\":\"SearchAction\",\"target\":{\"@type\":\"EntryPoint\",\"urlTemplate\":\"https:\\\/\\\/jornalbeirario.com.br\\\/portal\\\/?s={search_term_string}\"},\"query-input\":{\"@type\":\"PropertyValueSpecification\",\"valueRequired\":true,\"valueName\":\"search_term_string\"}}],\"inLanguage\":\"pt-BR\"},{\"@type\":\"Organization\",\"@id\":\"https:\\\/\\\/jornalbeirario.com.br\\\/portal\\\/#organization\",\"name\":\"JORNAL BEIRA RIO\",\"url\":\"https:\\\/\\\/jornalbeirario.com.br\\\/portal\\\/\",\"logo\":{\"@type\":\"ImageObject\",\"inLanguage\":\"pt-BR\",\"@id\":\"https:\\\/\\\/jornalbeirario.com.br\\\/portal\\\/#\\\/schema\\\/logo\\\/image\\\/\",\"url\":\"https:\\\/\\\/jornalbeirario.com.br\\\/portal\\\/wp-content\\\/uploads\\\/2017\\\/09\\\/BEIRA-RIO_logo600.png\",\"contentUrl\":\"https:\\\/\\\/jornalbeirario.com.br\\\/portal\\\/wp-content\\\/uploads\\\/2017\\\/09\\\/BEIRA-RIO_logo600.png\",\"width\":650,\"height\":108,\"caption\":\"JORNAL BEIRA RIO\"},\"image\":{\"@id\":\"https:\\\/\\\/jornalbeirario.com.br\\\/portal\\\/#\\\/schema\\\/logo\\\/image\\\/\"}},{\"@type\":\"Person\",\"@id\":\"https:\\\/\\\/jornalbeirario.com.br\\\/portal\\\/#\\\/schema\\\/person\\\/c6c423e4c2465d2a9233f6539173e7c1\",\"name\":\"Jornal BEIRA-RIO\",\"image\":{\"@type\":\"ImageObject\",\"inLanguage\":\"pt-BR\",\"@id\":\"https:\\\/\\\/jornalbeirario.com.br\\\/portal\\\/wp-content\\\/uploads\\\/2023\\\/10\\\/logojbr1.jpg\",\"url\":\"https:\\\/\\\/jornalbeirario.com.br\\\/portal\\\/wp-content\\\/uploads\\\/2023\\\/10\\\/logojbr1.jpg\",\"contentUrl\":\"https:\\\/\\\/jornalbeirario.com.br\\\/portal\\\/wp-content\\\/uploads\\\/2023\\\/10\\\/logojbr1.jpg\",\"caption\":\"Jornal BEIRA-RIO\"},\"url\":\"https:\\\/\\\/jornalbeirario.com.br\\\/portal\\\/?author=1\"}]}<\/script>\n<!-- \/ Yoast SEO plugin. -->","yoast_head_json":{"title":"CARTAS E EMAILS - JORNAL BEIRA RIO","robots":{"index":"index","follow":"follow","max-snippet":"max-snippet:-1","max-image-preview":"max-image-preview:large","max-video-preview":"max-video-preview:-1"},"canonical":"https:\/\/jornalbeirario.com.br\/portal\/?p=11279","og_locale":"pt_BR","og_type":"article","og_title":"CARTAS E EMAILS - JORNAL BEIRA RIO","og_description":"Prezada Editora, A Prefeitura de Resende promoveu concurso p\u00fablico em 2010, tendo este sido renovado por mais dois anos. Ocorre que, no inicio do","og_url":"https:\/\/jornalbeirario.com.br\/portal\/?p=11279","og_site_name":"JORNAL BEIRA RIO","article_published_time":"2013-06-21T12:40:27+00:00","author":"Jornal BEIRA-RIO","twitter_card":"summary_large_image","twitter_misc":{"Escrito por":"Jornal BEIRA-RIO","Est. tempo de leitura":"4 minutos"},"schema":{"@context":"https:\/\/schema.org","@graph":[{"@type":"Article","@id":"https:\/\/jornalbeirario.com.br\/portal\/?p=11279#article","isPartOf":{"@id":"https:\/\/jornalbeirario.com.br\/portal\/?p=11279"},"author":{"name":"Jornal BEIRA-RIO","@id":"https:\/\/jornalbeirario.com.br\/portal\/#\/schema\/person\/c6c423e4c2465d2a9233f6539173e7c1"},"headline":"CARTAS E EMAILS","datePublished":"2013-06-21T12:40:27+00:00","mainEntityOfPage":{"@id":"https:\/\/jornalbeirario.com.br\/portal\/?p=11279"},"wordCount":859,"commentCount":0,"publisher":{"@id":"https:\/\/jornalbeirario.com.br\/portal\/#organization"},"articleSection":["Opini\u00e3o"],"inLanguage":"pt-BR","potentialAction":[{"@type":"CommentAction","name":"Comment","target":["https:\/\/jornalbeirario.com.br\/portal\/?p=11279#respond"]}]},{"@type":"WebPage","@id":"https:\/\/jornalbeirario.com.br\/portal\/?p=11279","url":"https:\/\/jornalbeirario.com.br\/portal\/?p=11279","name":"CARTAS E EMAILS - JORNAL BEIRA RIO","isPartOf":{"@id":"https:\/\/jornalbeirario.com.br\/portal\/#website"},"datePublished":"2013-06-21T12:40:27+00:00","breadcrumb":{"@id":"https:\/\/jornalbeirario.com.br\/portal\/?p=11279#breadcrumb"},"inLanguage":"pt-BR","potentialAction":[{"@type":"ReadAction","target":["https:\/\/jornalbeirario.com.br\/portal\/?p=11279"]}]},{"@type":"BreadcrumbList","@id":"https:\/\/jornalbeirario.com.br\/portal\/?p=11279#breadcrumb","itemListElement":[{"@type":"ListItem","position":1,"name":"Home","item":"https:\/\/jornalbeirario.com.br\/portal"},{"@type":"ListItem","position":2,"name":"CARTAS E EMAILS"}]},{"@type":"WebSite","@id":"https:\/\/jornalbeirario.com.br\/portal\/#website","url":"https:\/\/jornalbeirario.com.br\/portal\/","name":"JORNAL BEIRA RIO","description":"","publisher":{"@id":"https:\/\/jornalbeirario.com.br\/portal\/#organization"},"potentialAction":[{"@type":"SearchAction","target":{"@type":"EntryPoint","urlTemplate":"https:\/\/jornalbeirario.com.br\/portal\/?s={search_term_string}"},"query-input":{"@type":"PropertyValueSpecification","valueRequired":true,"valueName":"search_term_string"}}],"inLanguage":"pt-BR"},{"@type":"Organization","@id":"https:\/\/jornalbeirario.com.br\/portal\/#organization","name":"JORNAL BEIRA RIO","url":"https:\/\/jornalbeirario.com.br\/portal\/","logo":{"@type":"ImageObject","inLanguage":"pt-BR","@id":"https:\/\/jornalbeirario.com.br\/portal\/#\/schema\/logo\/image\/","url":"https:\/\/jornalbeirario.com.br\/portal\/wp-content\/uploads\/2017\/09\/BEIRA-RIO_logo600.png","contentUrl":"https:\/\/jornalbeirario.com.br\/portal\/wp-content\/uploads\/2017\/09\/BEIRA-RIO_logo600.png","width":650,"height":108,"caption":"JORNAL BEIRA RIO"},"image":{"@id":"https:\/\/jornalbeirario.com.br\/portal\/#\/schema\/logo\/image\/"}},{"@type":"Person","@id":"https:\/\/jornalbeirario.com.br\/portal\/#\/schema\/person\/c6c423e4c2465d2a9233f6539173e7c1","name":"Jornal BEIRA-RIO","image":{"@type":"ImageObject","inLanguage":"pt-BR","@id":"https:\/\/jornalbeirario.com.br\/portal\/wp-content\/uploads\/2023\/10\/logojbr1.jpg","url":"https:\/\/jornalbeirario.com.br\/portal\/wp-content\/uploads\/2023\/10\/logojbr1.jpg","contentUrl":"https:\/\/jornalbeirario.com.br\/portal\/wp-content\/uploads\/2023\/10\/logojbr1.jpg","caption":"Jornal BEIRA-RIO"},"url":"https:\/\/jornalbeirario.com.br\/portal\/?author=1"}]}},"_links":{"self":[{"href":"https:\/\/jornalbeirario.com.br\/portal\/index.php?rest_route=\/wp\/v2\/posts\/11279","targetHints":{"allow":["GET"]}}],"collection":[{"href":"https:\/\/jornalbeirario.com.br\/portal\/index.php?rest_route=\/wp\/v2\/posts"}],"about":[{"href":"https:\/\/jornalbeirario.com.br\/portal\/index.php?rest_route=\/wp\/v2\/types\/post"}],"author":[{"embeddable":true,"href":"https:\/\/jornalbeirario.com.br\/portal\/index.php?rest_route=\/wp\/v2\/users\/1"}],"replies":[{"embeddable":true,"href":"https:\/\/jornalbeirario.com.br\/portal\/index.php?rest_route=%2Fwp%2Fv2%2Fcomments&post=11279"}],"version-history":[{"count":2,"href":"https:\/\/jornalbeirario.com.br\/portal\/index.php?rest_route=\/wp\/v2\/posts\/11279\/revisions"}],"predecessor-version":[{"id":36081,"href":"https:\/\/jornalbeirario.com.br\/portal\/index.php?rest_route=\/wp\/v2\/posts\/11279\/revisions\/36081"}],"wp:attachment":[{"href":"https:\/\/jornalbeirario.com.br\/portal\/index.php?rest_route=%2Fwp%2Fv2%2Fmedia&parent=11279"}],"wp:term":[{"taxonomy":"category","embeddable":true,"href":"https:\/\/jornalbeirario.com.br\/portal\/index.php?rest_route=%2Fwp%2Fv2%2Fcategories&post=11279"},{"taxonomy":"post_tag","embeddable":true,"href":"https:\/\/jornalbeirario.com.br\/portal\/index.php?rest_route=%2Fwp%2Fv2%2Ftags&post=11279"}],"curies":[{"name":"wp","href":"https:\/\/api.w.org\/{rel}","templated":true}]}}