
{"id":11277,"date":"2013-06-21T12:39:16","date_gmt":"2013-06-21T12:39:16","guid":{"rendered":"http:\/\/jornalbeirario.com.br\/portal\/portal\/?p=11277"},"modified":"2013-06-21T12:39:16","modified_gmt":"2013-06-21T12:39:16","slug":"social-lais-amaral-13","status":"publish","type":"post","link":"https:\/\/jornalbeirario.com.br\/portal\/?p=11277","title":{"rendered":"SOCIAL LA\u00cdS AMARAL"},"content":{"rendered":"<p style=\"text-align: justify;\">Oportunistas de sempre querem uma casquinha do MPL<br \/>\nA garotada do Movimento pelo Passe Livre merece aplausos pela persist\u00eancia e lucidez nas suas coloca\u00e7\u00f5es com rela\u00e7\u00e3o ao que \u00e9 viver e ajudar no aperfei\u00e7oamento de um estado democr\u00e1tico de direito. O movimento quase espont\u00e2neo \u00e9 legitimo e ajuda os governantes s\u00e9rios e as dire\u00e7\u00f5es partid\u00e1rias, principalmente dos partidos comprometidos com o avan\u00e7o democr\u00e1tico, a repensarem seus \u00faltimos movimentos, ou at\u00e9 a aus\u00eancia desses movimentos no tabuleiro do xadrez pol\u00edtico. E sem d\u00favida \u00e9 uma oxigena\u00e7\u00e3o ver os jovens nas ruas (71% deles pela primeira vez numa manifesta\u00e7\u00e3o do tipo, diz o Datafolha). Mas sem essa de pioneirismo que outros querem colar nos garotos. H\u00e1 manifesta\u00e7\u00f5es aos montes promovidas pela sociedade brasileira. Recentemente tivemos a Parada Gay, com mais de 3 milh\u00f5es de pessoas nas ruas de S\u00e3o Paulo. Sem viol\u00eancia ou vandalismo. E houve reivindica\u00e7\u00f5es e protestos, entre os quais, contra o deputado Marco Feliciano que preside a comiss\u00e3o de Direitos Humanos da C\u00e2mara. Os \u00edndios fizeram protestos recentes (Infelizmente com v\u00edtima). A esplanada dos minist\u00e9rios em Bras\u00edlia \u00e9 palco de constantes manifesta\u00e7\u00f5es de trabalhadores sem terra cobrando a reforma agr\u00e1ria, de pequenos produtores cobrando mais subs\u00eddios, e por a\u00ed vai. Ou o pessoal do LGBT, os \u00edndios, os pequenos produtores, os sem-terra n\u00e3o s\u00e3o tamb\u00e9m o povo brasileiro? A Velha M\u00eddia Comercial quer pegar carona no movimento dos garotos e cunhar a ideia de que h\u00e1 um clima de insatisfa\u00e7\u00e3o geral. \u00c9 o oportunismo golpista que j\u00e1 conhecemos. A Velha M\u00eddia \u00e9 hoje, o principal partido de oposi\u00e7\u00e3o no pa\u00eds. A despolitiza\u00e7\u00e3o de gera\u00e7\u00f5es (84% dos manifestantes dizem n\u00e3o ter partido) \u00e9 tamb\u00e9m resultado do trabalho de depreda\u00e7\u00e3o que essa mesma Velha M\u00eddia faz da classe pol\u00edtica al\u00e9m do di\u00e1rio bombardeio de desinforma\u00e7\u00e3o. Mas os jovens j\u00e1 repudiam tamb\u00e9m a Velha M\u00eddia e v\u00e3o \u00e0 luta dizer que uma democracia real se faz principalmente assim, com a voz das ruas e n\u00e3o apenas a dos pal\u00e1cios e C\u00e2maras.<\/p>\n<p>Jovem lideran\u00e7a diz quem ati\u00e7ou o movimento no pa\u00eds<br \/>\nO jovem professor de hist\u00f3ria Lucas Monteiro de Oliveira, um dos l\u00edderes do Movimento do Passe Livre, apontou na segunda-feira no programa \u2018Roda Viva\u2019 (TV Cultura), o respons\u00e1vel pelo recrudescimento do movimento: \u201cFoi o governador Geraldo Alkmin ao dizer que a PM precisava ser mais dura com a manifesta\u00e7\u00e3o\u201d.\u00a0 O que se viu na quinta-feira passada, dia 13, foi digno dos tempos da Ditadura Militar. Os centuri\u00f5es do imperador Alkmin baixaram o pau sem d\u00f3 nem piedade. O que n\u00e3o surpreende, basta lembrar da desocupa\u00e7\u00e3o do \u2018Pinherinho\u2019 em S\u00e3o Jos\u00e9 dos Campos h\u00e1 cerca de ano e meio. E o jovem Lucas foi mais longe tamb\u00e9m ao sugeri a liga\u00e7\u00e3o do governador com as empresas de \u00f4nibus. Ele teria recebido R$ 125 mil s\u00f3 do propriet\u00e1rio de uma empresa, a Gato Preto. Mais \u00e0 frente Lucas arriscou clarear um dos motivos da for\u00e7a do movimento. Disse ele: \u201cAs pessoas tem hoje melhores condi\u00e7\u00f5es econ\u00f4micas do que h\u00e1 10 anos. Hoje o cidad\u00e3o n\u00e3o est\u00e1 priorizando necessidades b\u00e1sicas como botar comida na mesa porque isso j\u00e1 n\u00e3o \u00e9 o maior problema, ent\u00e3o ele se volta para outras necessidades\u201d. Falou e disse. \u00c9 bom citar que no movimento est\u00e3o alas jovens de partidos de esquerda como UJS do PC do B, o \u201cJuntos\u201d, ligado \u00e0 Luciana Genro do Psol, est\u00e3o l\u00e1 as bandeiras do radical PSTU e do PCO. Mas tamb\u00e9m est\u00e3o dos punks (segundo a PM cooptados pelo Psol, o que n\u00e3o creio), PMs \u00e0 paisana, agindo como provocadores, isso tamb\u00e9m j\u00e1 se falou e assim ocorria nos \u201cTempos de Chumbo\u201d, l\u00e1 est\u00e3o os anarquistas, os v\u00e2ndalos e os delinquentes de costume. E assim as passeatas v\u00e3o saindo do controle do MPL o que pode toldar a ess\u00eancia real do movimento. Que reste a esperan\u00e7a de uma nova gera\u00e7\u00e3o de brasileiros conscientes e \u201cpreocupados com uma sociedade mais igualit\u00e1ria\u201d como disse o Lucas, no \u2018Roda Viva\u2019.<\/p>\n<p>TRIPA<br \/>\n* A pe\u00e7a \u201cO Marinheiro\u201d, sobre um texto de Fernando Pessoa e que est\u00e1 em cartaz h\u00e1 dois finais de semana no teatro do Espa\u00e7o \u2018Z\u2019, ter\u00e1 suas tr\u00eas \u00faltimas apresenta\u00e7\u00f5es neste final de semana, hoje, amanh\u00e3 e domingo, sempre \u00e0s 21h. Muito elogiada a dire\u00e7\u00e3o do Cal\u00e9 Miranda (foto), al\u00e9m dos figurinos e cen\u00e1rios. Minha amiga Luzia Leite Pereira, a \u2019Zil\u2019 gostou muito. O texto forte de Fernando Pessoa \u00e9 tamb\u00e9m muito bem passado pelas atrizes Carla Biolchini, F\u00e1tima Colin e M\u00f4nica Izidoro, diz a Zil. \u201cEst\u00e3o todas muito bem em cena e conseguem manter uma intensidade controlada na transmiss\u00e3o do texto, o que \u00e9 muito dif\u00edcil\u201d, completou a Zil * Amanh\u00e3 (s\u00e1bado), tem \u2018Rua da M\u00fasica\u2019, na Pra\u00e7a da Bandeira, em frente \u00e0 antiga cooperativa de leite, em campos El\u00edseos, a partir das 11h30min. * Foi aberta na ter\u00e7a, dia 18, no Espa\u00e7o \u2018Z\u2019, a exposi\u00e7\u00e3o \u201cMacedo Miranda \u2013 O Homem da Literatura Resendense\u201d. Na ocasi\u00e3o foi lan\u00e7ada a reedi\u00e7\u00e3o de um deu seus livros, o \u201cPequeno Mundo Outrora\u201d. Promo\u00e7\u00e3o da Casa da Cultura * O jingle de uma montadora de autom\u00f3veis que \u00e9 a melhor pe\u00e7a publicit\u00e1ria com tema da Copa do Mundo na minha opini\u00e3o, \u201cA Rua \u00e9 a maior arquibancada do Brasil\u201d \u00e9 a maior convoca\u00e7\u00e3o para o movimento do Passe Livre, contra o pre\u00e7os das passagens. O Falc\u00e3o do Rappa solta a voz no jingle e a garotada segue pra rua * Neste domingo, dia 23, tem a \u2018Caminhadas na Natureza &#8211; Circuito Serrinha\u2019. Concentra\u00e7\u00e3o a partir das 8h30,na Pra\u00e7a da Serrinha. Inscri\u00e7\u00f5es no local. Quem promove s\u00e3o as Secretarias de Turismo e de Esporte, de Resende com apoio da \u2018Anda Brasil\u2019. Contatos pelo telefone 3360-9578 * Olha os oportunistas pol\u00edticos tentando um golpe: \u2018A rede de ativistas Avaaz, que promove peti\u00e7\u00f5es online em diversos locais do mundo, pretende reunir 5 milh\u00f5es de assinaturas digitais para pedir o impeachment da presidente Dilma Rousseff\u2019. Agora d\u00e1 pra entender porque tantos provocadores quebrando tudo para passar um clima de inseguran\u00e7a e instabilidade. Essa gente tem o maior medo de democracia.<\/p>\n<p>ANIVERS\u00c1RIOS<br \/>\nDia 17, segunda-feira sopraram velinhas as amigas Ge\u00edza Monteiro, a Dirce Eleni da Silva, a Sheila Freire e o amigo Tadeu Rachid. Na ter\u00e7a (18), ficaram mais experientes a Maria Alzira Lamin, o Renato Viegas, a Jaqueline Nascimento (filha do Eduardo Catarino) e o meu primo Luciano Ramalho. Na quarta (19), a Regina (Sumtran) e o Miguel Veiga recebem os \u2018parab\u00e9ns\u2019. Ontem (20), os aniversariantes foram a Beth Bessa e o Robson Augusto. Hoje (21) os amigos Janilson Teixeira e a Bel Siqueira mudam de idade. Amanh\u00e3 (22) ser\u00e1 a vez do Yero Augusto contar mais um ano de vida e no domingo (23), inauguram idade nova o Conrado Rabello, a Neiva Ritter e o Luciano Arcanjo. Parab\u00e9ns e todas as felicidades do mundo a ales.<\/p>\n","protected":false},"excerpt":{"rendered":"<p>Oportunistas de sempre querem uma casquinha do MPL A garotada do Movimento pelo Passe Livre merece aplausos pela persist\u00eancia e lucidez nas suas coloca\u00e7\u00f5es<\/p>\n","protected":false},"author":1,"featured_media":0,"comment_status":"open","ping_status":"open","sticky":false,"template":"","format":"standard","meta":{"pmpro_default_level":"","footnotes":""},"categories":[13],"tags":[],"class_list":["post-11277","post","type-post","status-publish","format-standard","hentry","category-social","pmpro-has-access"],"yoast_head":"<!-- This site is optimized with the Yoast SEO plugin v27.4 - https:\/\/yoast.com\/product\/yoast-seo-wordpress\/ -->\n<title>SOCIAL LA\u00cdS AMARAL - JORNAL BEIRA RIO<\/title>\n<meta name=\"robots\" content=\"index, follow, max-snippet:-1, max-image-preview:large, max-video-preview:-1\" \/>\n<link rel=\"canonical\" href=\"https:\/\/jornalbeirario.com.br\/portal\/?p=11277\" \/>\n<meta property=\"og:locale\" content=\"pt_BR\" \/>\n<meta property=\"og:type\" content=\"article\" \/>\n<meta property=\"og:title\" content=\"SOCIAL LA\u00cdS AMARAL - JORNAL BEIRA RIO\" \/>\n<meta property=\"og:description\" content=\"Oportunistas de sempre querem uma casquinha do MPL A garotada do Movimento pelo Passe Livre merece aplausos pela persist\u00eancia e lucidez nas suas coloca\u00e7\u00f5es\" \/>\n<meta property=\"og:url\" content=\"https:\/\/jornalbeirario.com.br\/portal\/?p=11277\" \/>\n<meta property=\"og:site_name\" content=\"JORNAL BEIRA RIO\" \/>\n<meta property=\"article:published_time\" content=\"2013-06-21T12:39:16+00:00\" \/>\n<meta name=\"author\" content=\"Jornal BEIRA-RIO\" \/>\n<meta name=\"twitter:card\" content=\"summary_large_image\" \/>\n<meta name=\"twitter:label1\" content=\"Escrito por\" \/>\n\t<meta name=\"twitter:data1\" content=\"Jornal BEIRA-RIO\" \/>\n\t<meta name=\"twitter:label2\" content=\"Est. tempo de leitura\" \/>\n\t<meta name=\"twitter:data2\" content=\"6 minutos\" \/>\n<script type=\"application\/ld+json\" class=\"yoast-schema-graph\">{\"@context\":\"https:\\\/\\\/schema.org\",\"@graph\":[{\"@type\":\"Article\",\"@id\":\"https:\\\/\\\/jornalbeirario.com.br\\\/portal\\\/?p=11277#article\",\"isPartOf\":{\"@id\":\"https:\\\/\\\/jornalbeirario.com.br\\\/portal\\\/?p=11277\"},\"author\":{\"name\":\"Jornal BEIRA-RIO\",\"@id\":\"https:\\\/\\\/jornalbeirario.com.br\\\/portal\\\/#\\\/schema\\\/person\\\/c6c423e4c2465d2a9233f6539173e7c1\"},\"headline\":\"SOCIAL LA\u00cdS AMARAL\",\"datePublished\":\"2013-06-21T12:39:16+00:00\",\"mainEntityOfPage\":{\"@id\":\"https:\\\/\\\/jornalbeirario.com.br\\\/portal\\\/?p=11277\"},\"wordCount\":1221,\"commentCount\":0,\"publisher\":{\"@id\":\"https:\\\/\\\/jornalbeirario.com.br\\\/portal\\\/#organization\"},\"articleSection\":[\"Social\"],\"inLanguage\":\"pt-BR\",\"potentialAction\":[{\"@type\":\"CommentAction\",\"name\":\"Comment\",\"target\":[\"https:\\\/\\\/jornalbeirario.com.br\\\/portal\\\/?p=11277#respond\"]}]},{\"@type\":\"WebPage\",\"@id\":\"https:\\\/\\\/jornalbeirario.com.br\\\/portal\\\/?p=11277\",\"url\":\"https:\\\/\\\/jornalbeirario.com.br\\\/portal\\\/?p=11277\",\"name\":\"SOCIAL LA\u00cdS AMARAL - JORNAL BEIRA RIO\",\"isPartOf\":{\"@id\":\"https:\\\/\\\/jornalbeirario.com.br\\\/portal\\\/#website\"},\"datePublished\":\"2013-06-21T12:39:16+00:00\",\"breadcrumb\":{\"@id\":\"https:\\\/\\\/jornalbeirario.com.br\\\/portal\\\/?p=11277#breadcrumb\"},\"inLanguage\":\"pt-BR\",\"potentialAction\":[{\"@type\":\"ReadAction\",\"target\":[\"https:\\\/\\\/jornalbeirario.com.br\\\/portal\\\/?p=11277\"]}]},{\"@type\":\"BreadcrumbList\",\"@id\":\"https:\\\/\\\/jornalbeirario.com.br\\\/portal\\\/?p=11277#breadcrumb\",\"itemListElement\":[{\"@type\":\"ListItem\",\"position\":1,\"name\":\"Home\",\"item\":\"https:\\\/\\\/jornalbeirario.com.br\\\/portal\"},{\"@type\":\"ListItem\",\"position\":2,\"name\":\"SOCIAL LA\u00cdS AMARAL\"}]},{\"@type\":\"WebSite\",\"@id\":\"https:\\\/\\\/jornalbeirario.com.br\\\/portal\\\/#website\",\"url\":\"https:\\\/\\\/jornalbeirario.com.br\\\/portal\\\/\",\"name\":\"JORNAL BEIRA RIO\",\"description\":\"\",\"publisher\":{\"@id\":\"https:\\\/\\\/jornalbeirario.com.br\\\/portal\\\/#organization\"},\"potentialAction\":[{\"@type\":\"SearchAction\",\"target\":{\"@type\":\"EntryPoint\",\"urlTemplate\":\"https:\\\/\\\/jornalbeirario.com.br\\\/portal\\\/?s={search_term_string}\"},\"query-input\":{\"@type\":\"PropertyValueSpecification\",\"valueRequired\":true,\"valueName\":\"search_term_string\"}}],\"inLanguage\":\"pt-BR\"},{\"@type\":\"Organization\",\"@id\":\"https:\\\/\\\/jornalbeirario.com.br\\\/portal\\\/#organization\",\"name\":\"JORNAL BEIRA RIO\",\"url\":\"https:\\\/\\\/jornalbeirario.com.br\\\/portal\\\/\",\"logo\":{\"@type\":\"ImageObject\",\"inLanguage\":\"pt-BR\",\"@id\":\"https:\\\/\\\/jornalbeirario.com.br\\\/portal\\\/#\\\/schema\\\/logo\\\/image\\\/\",\"url\":\"https:\\\/\\\/jornalbeirario.com.br\\\/portal\\\/wp-content\\\/uploads\\\/2017\\\/09\\\/BEIRA-RIO_logo600.png\",\"contentUrl\":\"https:\\\/\\\/jornalbeirario.com.br\\\/portal\\\/wp-content\\\/uploads\\\/2017\\\/09\\\/BEIRA-RIO_logo600.png\",\"width\":650,\"height\":108,\"caption\":\"JORNAL BEIRA RIO\"},\"image\":{\"@id\":\"https:\\\/\\\/jornalbeirario.com.br\\\/portal\\\/#\\\/schema\\\/logo\\\/image\\\/\"}},{\"@type\":\"Person\",\"@id\":\"https:\\\/\\\/jornalbeirario.com.br\\\/portal\\\/#\\\/schema\\\/person\\\/c6c423e4c2465d2a9233f6539173e7c1\",\"name\":\"Jornal BEIRA-RIO\",\"image\":{\"@type\":\"ImageObject\",\"inLanguage\":\"pt-BR\",\"@id\":\"https:\\\/\\\/jornalbeirario.com.br\\\/portal\\\/wp-content\\\/uploads\\\/2023\\\/10\\\/logojbr1.jpg\",\"url\":\"https:\\\/\\\/jornalbeirario.com.br\\\/portal\\\/wp-content\\\/uploads\\\/2023\\\/10\\\/logojbr1.jpg\",\"contentUrl\":\"https:\\\/\\\/jornalbeirario.com.br\\\/portal\\\/wp-content\\\/uploads\\\/2023\\\/10\\\/logojbr1.jpg\",\"caption\":\"Jornal BEIRA-RIO\"},\"url\":\"https:\\\/\\\/jornalbeirario.com.br\\\/portal\\\/?author=1\"}]}<\/script>\n<!-- \/ Yoast SEO plugin. -->","yoast_head_json":{"title":"SOCIAL LA\u00cdS AMARAL - JORNAL BEIRA RIO","robots":{"index":"index","follow":"follow","max-snippet":"max-snippet:-1","max-image-preview":"max-image-preview:large","max-video-preview":"max-video-preview:-1"},"canonical":"https:\/\/jornalbeirario.com.br\/portal\/?p=11277","og_locale":"pt_BR","og_type":"article","og_title":"SOCIAL LA\u00cdS AMARAL - JORNAL BEIRA RIO","og_description":"Oportunistas de sempre querem uma casquinha do MPL A garotada do Movimento pelo Passe Livre merece aplausos pela persist\u00eancia e lucidez nas suas coloca\u00e7\u00f5es","og_url":"https:\/\/jornalbeirario.com.br\/portal\/?p=11277","og_site_name":"JORNAL BEIRA RIO","article_published_time":"2013-06-21T12:39:16+00:00","author":"Jornal BEIRA-RIO","twitter_card":"summary_large_image","twitter_misc":{"Escrito por":"Jornal BEIRA-RIO","Est. tempo de leitura":"6 minutos"},"schema":{"@context":"https:\/\/schema.org","@graph":[{"@type":"Article","@id":"https:\/\/jornalbeirario.com.br\/portal\/?p=11277#article","isPartOf":{"@id":"https:\/\/jornalbeirario.com.br\/portal\/?p=11277"},"author":{"name":"Jornal BEIRA-RIO","@id":"https:\/\/jornalbeirario.com.br\/portal\/#\/schema\/person\/c6c423e4c2465d2a9233f6539173e7c1"},"headline":"SOCIAL LA\u00cdS AMARAL","datePublished":"2013-06-21T12:39:16+00:00","mainEntityOfPage":{"@id":"https:\/\/jornalbeirario.com.br\/portal\/?p=11277"},"wordCount":1221,"commentCount":0,"publisher":{"@id":"https:\/\/jornalbeirario.com.br\/portal\/#organization"},"articleSection":["Social"],"inLanguage":"pt-BR","potentialAction":[{"@type":"CommentAction","name":"Comment","target":["https:\/\/jornalbeirario.com.br\/portal\/?p=11277#respond"]}]},{"@type":"WebPage","@id":"https:\/\/jornalbeirario.com.br\/portal\/?p=11277","url":"https:\/\/jornalbeirario.com.br\/portal\/?p=11277","name":"SOCIAL LA\u00cdS AMARAL - JORNAL BEIRA RIO","isPartOf":{"@id":"https:\/\/jornalbeirario.com.br\/portal\/#website"},"datePublished":"2013-06-21T12:39:16+00:00","breadcrumb":{"@id":"https:\/\/jornalbeirario.com.br\/portal\/?p=11277#breadcrumb"},"inLanguage":"pt-BR","potentialAction":[{"@type":"ReadAction","target":["https:\/\/jornalbeirario.com.br\/portal\/?p=11277"]}]},{"@type":"BreadcrumbList","@id":"https:\/\/jornalbeirario.com.br\/portal\/?p=11277#breadcrumb","itemListElement":[{"@type":"ListItem","position":1,"name":"Home","item":"https:\/\/jornalbeirario.com.br\/portal"},{"@type":"ListItem","position":2,"name":"SOCIAL LA\u00cdS AMARAL"}]},{"@type":"WebSite","@id":"https:\/\/jornalbeirario.com.br\/portal\/#website","url":"https:\/\/jornalbeirario.com.br\/portal\/","name":"JORNAL BEIRA RIO","description":"","publisher":{"@id":"https:\/\/jornalbeirario.com.br\/portal\/#organization"},"potentialAction":[{"@type":"SearchAction","target":{"@type":"EntryPoint","urlTemplate":"https:\/\/jornalbeirario.com.br\/portal\/?s={search_term_string}"},"query-input":{"@type":"PropertyValueSpecification","valueRequired":true,"valueName":"search_term_string"}}],"inLanguage":"pt-BR"},{"@type":"Organization","@id":"https:\/\/jornalbeirario.com.br\/portal\/#organization","name":"JORNAL BEIRA RIO","url":"https:\/\/jornalbeirario.com.br\/portal\/","logo":{"@type":"ImageObject","inLanguage":"pt-BR","@id":"https:\/\/jornalbeirario.com.br\/portal\/#\/schema\/logo\/image\/","url":"https:\/\/jornalbeirario.com.br\/portal\/wp-content\/uploads\/2017\/09\/BEIRA-RIO_logo600.png","contentUrl":"https:\/\/jornalbeirario.com.br\/portal\/wp-content\/uploads\/2017\/09\/BEIRA-RIO_logo600.png","width":650,"height":108,"caption":"JORNAL BEIRA RIO"},"image":{"@id":"https:\/\/jornalbeirario.com.br\/portal\/#\/schema\/logo\/image\/"}},{"@type":"Person","@id":"https:\/\/jornalbeirario.com.br\/portal\/#\/schema\/person\/c6c423e4c2465d2a9233f6539173e7c1","name":"Jornal BEIRA-RIO","image":{"@type":"ImageObject","inLanguage":"pt-BR","@id":"https:\/\/jornalbeirario.com.br\/portal\/wp-content\/uploads\/2023\/10\/logojbr1.jpg","url":"https:\/\/jornalbeirario.com.br\/portal\/wp-content\/uploads\/2023\/10\/logojbr1.jpg","contentUrl":"https:\/\/jornalbeirario.com.br\/portal\/wp-content\/uploads\/2023\/10\/logojbr1.jpg","caption":"Jornal BEIRA-RIO"},"url":"https:\/\/jornalbeirario.com.br\/portal\/?author=1"}]}},"_links":{"self":[{"href":"https:\/\/jornalbeirario.com.br\/portal\/index.php?rest_route=\/wp\/v2\/posts\/11277","targetHints":{"allow":["GET"]}}],"collection":[{"href":"https:\/\/jornalbeirario.com.br\/portal\/index.php?rest_route=\/wp\/v2\/posts"}],"about":[{"href":"https:\/\/jornalbeirario.com.br\/portal\/index.php?rest_route=\/wp\/v2\/types\/post"}],"author":[{"embeddable":true,"href":"https:\/\/jornalbeirario.com.br\/portal\/index.php?rest_route=\/wp\/v2\/users\/1"}],"replies":[{"embeddable":true,"href":"https:\/\/jornalbeirario.com.br\/portal\/index.php?rest_route=%2Fwp%2Fv2%2Fcomments&post=11277"}],"version-history":[{"count":1,"href":"https:\/\/jornalbeirario.com.br\/portal\/index.php?rest_route=\/wp\/v2\/posts\/11277\/revisions"}],"predecessor-version":[{"id":11278,"href":"https:\/\/jornalbeirario.com.br\/portal\/index.php?rest_route=\/wp\/v2\/posts\/11277\/revisions\/11278"}],"wp:attachment":[{"href":"https:\/\/jornalbeirario.com.br\/portal\/index.php?rest_route=%2Fwp%2Fv2%2Fmedia&parent=11277"}],"wp:term":[{"taxonomy":"category","embeddable":true,"href":"https:\/\/jornalbeirario.com.br\/portal\/index.php?rest_route=%2Fwp%2Fv2%2Fcategories&post=11277"},{"taxonomy":"post_tag","embeddable":true,"href":"https:\/\/jornalbeirario.com.br\/portal\/index.php?rest_route=%2Fwp%2Fv2%2Ftags&post=11277"}],"curies":[{"name":"wp","href":"https:\/\/api.w.org\/{rel}","templated":true}]}}