
{"id":10847,"date":"2013-06-14T12:24:16","date_gmt":"2013-06-14T12:24:16","guid":{"rendered":"http:\/\/jornalbeirario.com.br\/portal\/portal\/?p=10847"},"modified":"2013-06-14T12:24:16","modified_gmt":"2013-06-14T12:24:16","slug":"lais-amaral-19","status":"publish","type":"post","link":"https:\/\/jornalbeirario.com.br\/portal\/?p=10847","title":{"rendered":"LA\u00cdS AMARAL"},"content":{"rendered":"<p style=\"text-align: justify;\">A feijoada da vit\u00f3ria do filho do Totonho<br \/>\nUm dos sujeitos mais legais que conheci em Resende foi o Luiz Antonio de Almeida, o saudoso \u2018Totonho\u2019. Um amig\u00e3o. Seu filho, o Alexandre, que ainda n\u00e3o conhe\u00e7o, mas amigos garantem ter cora\u00e7\u00e3o do mesmo naipe, comemora amanh\u00e3 (s\u00e1bado, dia 15) um ano da cirurgia que o aliviou de um grande tormento. A vit\u00f3ria ser\u00e1 comemorada com uma feijoada, em sua casa, \u00e0s 13 horas. Ele est\u00e1 convidando os amigos, que por ele rezaram, torceram e sofreram. Mas bem ao estilo de seu pai, Alexandre vai dar um significado mais nobre ao evento. Quer colaborar com o GAPC (Grupo de Apoio a Pessoas com C\u00e2ncer), que tanto o ajudou quando precisou. Para isso est\u00e1 pedindo aos amigos que levem fraldas geri\u00e1tricas (tamanho \u2018M\u2019 e \u2018G\u2019). O GAPC gasta 90 pacotes de fraldas por semana em seus atendimentos. A doa\u00e7\u00e3o chegar\u00e1 em boa hora e ser\u00e1 de grande import\u00e2ncia ao grupo. Para quem n\u00e3o sabe, o GAPC \u00e9 uma institui\u00e7\u00e3o sem fins lucrativos que faz um trabalho volunt\u00e1rio com ajuda m\u00e9dica, psicol\u00f3gica, doa\u00e7\u00e3o de cestas b\u00e1sicas e rem\u00e9dios, e, acima de tudo, com muito carinho \u00e0s pessoas que sofrem com essa doen\u00e7a, que minha av\u00f3 n\u00e3o gostava sequer de pronunciar seu nome. Alexandre pede aos amigos que confirmem ainda hoje a presen\u00e7a. Valeu!!<\/p>\n<p style=\"text-align: justify;\">\u201cFeira Sertaneja\u201d ser\u00e1 festa junina neste domingo<br \/>\nA j\u00e1 tradicional Feira Sertaneja, que se realiza todo terceiro domingo do m\u00eas no Parque de Exposi\u00e7\u00f5es, das 9h \u00e0s 18h, acontece neste domingo, dia 16, com o tema \u2018festa junina\u2019. A programa\u00e7\u00e3o contar\u00e1 com os tradicionais shows de forr\u00f3 e barracas com venda de produtos da ro\u00e7a, artesanato, comidas t\u00edpicas, bebidas e brinquedos infl\u00e1veis para as crian\u00e7as. Uma novidade ser\u00e1 a \u2018Feira de Sa\u00fade\u2019, promovida pelo Lions Club, e que acontecer\u00e1 durante todo o evento e levar\u00e1 ao p\u00fablico orienta\u00e7\u00f5es de como prevenir o diabetes e o c\u00e2ncer de mama, entre outros temas. Os shows come\u00e7am \u00e0s 15h, com apresenta\u00e7\u00e3o do grupo \u2018Batid\u00e3o Sertanejo\u2019, seguido de Robertinho do Acordeom, que sobe ao palco \u00e0s 17h. Miguel Dias, secret\u00e1rio de agricultura, que al\u00e9m de ser o maior respons\u00e1vel pela organiza\u00e7\u00e3o do evento \u00e9 um entusiasta da \u2018Feira\u2019, acredita que o evento ajuda a recuperar um pouco da cultura rural de Resende e regi\u00e3o.<\/p>\n<p style=\"text-align: justify;\">TRIPA<br \/>\n* A atra\u00e7\u00e3o da Rua da M\u00fasica amanh\u00e3 \u00e9 o cantor Abiud e Trio. Come\u00e7a \u00e0s 11h30min. na Pra\u00e7a da Bandeira, em Campos El\u00edseos * O cantor (e ator) Diogo Guimar\u00e3es, vocalista do consagrado grupo de pagode, \u2018Alerta Geral\u2019, apresenta amanh\u00e3, dia 15, \u00e0s 22 horas no CCRR, outra vertente do seu trabalho como int\u00e9rprete: \u2018Vai dar Samba\u2019. \u00c9 samba na veia, com inspira\u00e7\u00e3o no Clube do Samba, de Jo\u00e3o Nogueira. Nos intervalos os DJs n\u00e3o v\u00e3o deixar a peteca cair. Vale conferir!! * A tradicional festa junina do Clube da Casa da Lua, ser\u00e1 amanh\u00e3. Como sempre, as barracas de comes e bebes s\u00e3o de entidades assistencialistas e filantr\u00f3picas da cidade. A m\u00fasica ser\u00e1 da banda Xoxote. Machadinho est\u00e1 animad\u00edssimo * A pe\u00e7a \u201cO Marinheiro\u201d texto de Fernando Pessoa com dire\u00e7\u00e3o de Cal\u00e9 Miranda, que estreou sexta passada, no Espa\u00e7o \u2018Z\u2019, segue neste final de semana, at\u00e9 domingo, sempre \u00e0s 21 horas. A pe\u00e7a vai ficar em cartaz at\u00e9 o dia 23. No elenco: Carla Biolchini, F\u00e1tima Colin e M\u00f4nica Izidoro. Os figurinos s\u00e3o de Carla Biolchini (tamb\u00e9m produtora executiva junto com Cal\u00e9) e Saulo Gomes * Um levantamento feito pela Secretaria Municipal de Fazenda, revelou um crescimento acentuado de atividades de com\u00e9rcio e servi\u00e7os em Resende. Os dados mostram que mais de 70% dos novos alvar\u00e1s liberados entre janeiro e maio deste ano foram para bairros como Vila Julieta, Fazenda da Barra, Cidade Alegria e Para\u00edso. \u00c9 a for\u00e7a da periferia * No pr\u00f3ximo dia 22 acontece na Ciac o I\u00ba Encontro de Carros Antigos. Cl\u00e1ssicos e customizados. O telefone para inscri\u00e7\u00f5es \u00e9 3359-2401 * Dia 23 de junho tem mais uma edi\u00e7\u00e3o de \u201cCaminhadas da Natureza\u201d, na Serrinha do Alambari. Dez quil\u00f4metros de sa\u00fade. Ainda n\u00e3o sei se vou encarar essa.<\/p>\n<p style=\"text-align: justify;\">ANIVERS\u00c1RIOS<br \/>\nQuem comemorou seu anivers\u00e1rio na sexta-feira da semana passada, dia 7, foi a Margarete, do C\u00e9rgio. Os amigos Cesar Clovis e M\u00e1rcia Helena Thomaz ficaram mais experientes no Domingo, dia 9. Na segunda (10), foi a vez da Leny Cerqueira, na Ter\u00e7a (11) sopraram velinhas a atriz M\u00f4nica Izidoro e a jornalista Fernanda, da Acom. Na Quarta (12) uma turma bem legal inaugurou idade nova: a Neide Ciryno Capistrano, o Serginho \u2018Big Head\u2019, o Luis Fernando Besouchet e a Antonina Vieira Barros, a \u2018Nina\u2019. Ontem (13) receberam os \u2018parab\u00e9ns\u2019 a Fatinha Juli\u00e3o, o M\u00e1rcio Xavier e o Nahilson Araujo. Hoje (Sexta) dia 14, o meu pai, o velho La\u00eds, a Isabela Lage, o Robinho Rabelo, o Rafael Ribeiro e o Z\u00e9 Leon mudam de idade. Amanh\u00e3, (15) a Moniquinha de Moraes, a Carla Duizit, a Franscisneia de Carvalho o Mauri Lopes e a dona Iraci, m\u00e3e do Birig\u00fci e av\u00f3 da Anelise contam mais um ano de vida e no domingo, dia 16, o radialista Vinicius Lima, tamb\u00e9m assume idade nova. Parab\u00e9ns e todas as felicidades do mundo a ales.<\/p>\n","protected":false},"excerpt":{"rendered":"<p>A feijoada da vit\u00f3ria do filho do Totonho Um dos sujeitos mais legais que conheci em Resende foi o Luiz Antonio de Almeida, o<\/p>\n","protected":false},"author":1,"featured_media":0,"comment_status":"open","ping_status":"open","sticky":false,"template":"","format":"standard","meta":{"pmpro_default_level":"","footnotes":""},"categories":[13],"tags":[],"class_list":["post-10847","post","type-post","status-publish","format-standard","hentry","category-social","pmpro-has-access"],"yoast_head":"<!-- This site is optimized with the Yoast SEO plugin v27.4 - https:\/\/yoast.com\/product\/yoast-seo-wordpress\/ -->\n<title>LA\u00cdS AMARAL - JORNAL BEIRA RIO<\/title>\n<meta name=\"robots\" content=\"index, follow, max-snippet:-1, max-image-preview:large, max-video-preview:-1\" \/>\n<link rel=\"canonical\" href=\"https:\/\/jornalbeirario.com.br\/portal\/?p=10847\" \/>\n<meta property=\"og:locale\" content=\"pt_BR\" \/>\n<meta property=\"og:type\" content=\"article\" \/>\n<meta property=\"og:title\" content=\"LA\u00cdS AMARAL - JORNAL BEIRA RIO\" \/>\n<meta property=\"og:description\" content=\"A feijoada da vit\u00f3ria do filho do Totonho Um dos sujeitos mais legais que conheci em Resende foi o Luiz Antonio de Almeida, o\" \/>\n<meta property=\"og:url\" content=\"https:\/\/jornalbeirario.com.br\/portal\/?p=10847\" \/>\n<meta property=\"og:site_name\" content=\"JORNAL BEIRA RIO\" \/>\n<meta property=\"article:published_time\" content=\"2013-06-14T12:24:16+00:00\" \/>\n<meta name=\"author\" content=\"Jornal BEIRA-RIO\" \/>\n<meta name=\"twitter:card\" content=\"summary_large_image\" \/>\n<meta name=\"twitter:label1\" content=\"Escrito por\" \/>\n\t<meta name=\"twitter:data1\" content=\"Jornal BEIRA-RIO\" \/>\n\t<meta name=\"twitter:label2\" content=\"Est. tempo de leitura\" \/>\n\t<meta name=\"twitter:data2\" content=\"5 minutos\" \/>\n<script type=\"application\/ld+json\" class=\"yoast-schema-graph\">{\"@context\":\"https:\\\/\\\/schema.org\",\"@graph\":[{\"@type\":\"Article\",\"@id\":\"https:\\\/\\\/jornalbeirario.com.br\\\/portal\\\/?p=10847#article\",\"isPartOf\":{\"@id\":\"https:\\\/\\\/jornalbeirario.com.br\\\/portal\\\/?p=10847\"},\"author\":{\"name\":\"Jornal BEIRA-RIO\",\"@id\":\"https:\\\/\\\/jornalbeirario.com.br\\\/portal\\\/#\\\/schema\\\/person\\\/c6c423e4c2465d2a9233f6539173e7c1\"},\"headline\":\"LA\u00cdS AMARAL\",\"datePublished\":\"2013-06-14T12:24:16+00:00\",\"mainEntityOfPage\":{\"@id\":\"https:\\\/\\\/jornalbeirario.com.br\\\/portal\\\/?p=10847\"},\"wordCount\":917,\"commentCount\":0,\"publisher\":{\"@id\":\"https:\\\/\\\/jornalbeirario.com.br\\\/portal\\\/#organization\"},\"articleSection\":[\"Social\"],\"inLanguage\":\"pt-BR\",\"potentialAction\":[{\"@type\":\"CommentAction\",\"name\":\"Comment\",\"target\":[\"https:\\\/\\\/jornalbeirario.com.br\\\/portal\\\/?p=10847#respond\"]}]},{\"@type\":\"WebPage\",\"@id\":\"https:\\\/\\\/jornalbeirario.com.br\\\/portal\\\/?p=10847\",\"url\":\"https:\\\/\\\/jornalbeirario.com.br\\\/portal\\\/?p=10847\",\"name\":\"LA\u00cdS AMARAL - JORNAL BEIRA RIO\",\"isPartOf\":{\"@id\":\"https:\\\/\\\/jornalbeirario.com.br\\\/portal\\\/#website\"},\"datePublished\":\"2013-06-14T12:24:16+00:00\",\"breadcrumb\":{\"@id\":\"https:\\\/\\\/jornalbeirario.com.br\\\/portal\\\/?p=10847#breadcrumb\"},\"inLanguage\":\"pt-BR\",\"potentialAction\":[{\"@type\":\"ReadAction\",\"target\":[\"https:\\\/\\\/jornalbeirario.com.br\\\/portal\\\/?p=10847\"]}]},{\"@type\":\"BreadcrumbList\",\"@id\":\"https:\\\/\\\/jornalbeirario.com.br\\\/portal\\\/?p=10847#breadcrumb\",\"itemListElement\":[{\"@type\":\"ListItem\",\"position\":1,\"name\":\"Home\",\"item\":\"https:\\\/\\\/jornalbeirario.com.br\\\/portal\"},{\"@type\":\"ListItem\",\"position\":2,\"name\":\"LA\u00cdS AMARAL\"}]},{\"@type\":\"WebSite\",\"@id\":\"https:\\\/\\\/jornalbeirario.com.br\\\/portal\\\/#website\",\"url\":\"https:\\\/\\\/jornalbeirario.com.br\\\/portal\\\/\",\"name\":\"JORNAL BEIRA RIO\",\"description\":\"\",\"publisher\":{\"@id\":\"https:\\\/\\\/jornalbeirario.com.br\\\/portal\\\/#organization\"},\"potentialAction\":[{\"@type\":\"SearchAction\",\"target\":{\"@type\":\"EntryPoint\",\"urlTemplate\":\"https:\\\/\\\/jornalbeirario.com.br\\\/portal\\\/?s={search_term_string}\"},\"query-input\":{\"@type\":\"PropertyValueSpecification\",\"valueRequired\":true,\"valueName\":\"search_term_string\"}}],\"inLanguage\":\"pt-BR\"},{\"@type\":\"Organization\",\"@id\":\"https:\\\/\\\/jornalbeirario.com.br\\\/portal\\\/#organization\",\"name\":\"JORNAL BEIRA RIO\",\"url\":\"https:\\\/\\\/jornalbeirario.com.br\\\/portal\\\/\",\"logo\":{\"@type\":\"ImageObject\",\"inLanguage\":\"pt-BR\",\"@id\":\"https:\\\/\\\/jornalbeirario.com.br\\\/portal\\\/#\\\/schema\\\/logo\\\/image\\\/\",\"url\":\"https:\\\/\\\/jornalbeirario.com.br\\\/portal\\\/wp-content\\\/uploads\\\/2017\\\/09\\\/BEIRA-RIO_logo600.png\",\"contentUrl\":\"https:\\\/\\\/jornalbeirario.com.br\\\/portal\\\/wp-content\\\/uploads\\\/2017\\\/09\\\/BEIRA-RIO_logo600.png\",\"width\":650,\"height\":108,\"caption\":\"JORNAL BEIRA RIO\"},\"image\":{\"@id\":\"https:\\\/\\\/jornalbeirario.com.br\\\/portal\\\/#\\\/schema\\\/logo\\\/image\\\/\"}},{\"@type\":\"Person\",\"@id\":\"https:\\\/\\\/jornalbeirario.com.br\\\/portal\\\/#\\\/schema\\\/person\\\/c6c423e4c2465d2a9233f6539173e7c1\",\"name\":\"Jornal BEIRA-RIO\",\"image\":{\"@type\":\"ImageObject\",\"inLanguage\":\"pt-BR\",\"@id\":\"https:\\\/\\\/jornalbeirario.com.br\\\/portal\\\/wp-content\\\/uploads\\\/2023\\\/10\\\/logojbr1.jpg\",\"url\":\"https:\\\/\\\/jornalbeirario.com.br\\\/portal\\\/wp-content\\\/uploads\\\/2023\\\/10\\\/logojbr1.jpg\",\"contentUrl\":\"https:\\\/\\\/jornalbeirario.com.br\\\/portal\\\/wp-content\\\/uploads\\\/2023\\\/10\\\/logojbr1.jpg\",\"caption\":\"Jornal BEIRA-RIO\"},\"url\":\"https:\\\/\\\/jornalbeirario.com.br\\\/portal\\\/?author=1\"}]}<\/script>\n<!-- \/ Yoast SEO plugin. -->","yoast_head_json":{"title":"LA\u00cdS AMARAL - JORNAL BEIRA RIO","robots":{"index":"index","follow":"follow","max-snippet":"max-snippet:-1","max-image-preview":"max-image-preview:large","max-video-preview":"max-video-preview:-1"},"canonical":"https:\/\/jornalbeirario.com.br\/portal\/?p=10847","og_locale":"pt_BR","og_type":"article","og_title":"LA\u00cdS AMARAL - JORNAL BEIRA RIO","og_description":"A feijoada da vit\u00f3ria do filho do Totonho Um dos sujeitos mais legais que conheci em Resende foi o Luiz Antonio de Almeida, o","og_url":"https:\/\/jornalbeirario.com.br\/portal\/?p=10847","og_site_name":"JORNAL BEIRA RIO","article_published_time":"2013-06-14T12:24:16+00:00","author":"Jornal BEIRA-RIO","twitter_card":"summary_large_image","twitter_misc":{"Escrito por":"Jornal BEIRA-RIO","Est. tempo de leitura":"5 minutos"},"schema":{"@context":"https:\/\/schema.org","@graph":[{"@type":"Article","@id":"https:\/\/jornalbeirario.com.br\/portal\/?p=10847#article","isPartOf":{"@id":"https:\/\/jornalbeirario.com.br\/portal\/?p=10847"},"author":{"name":"Jornal BEIRA-RIO","@id":"https:\/\/jornalbeirario.com.br\/portal\/#\/schema\/person\/c6c423e4c2465d2a9233f6539173e7c1"},"headline":"LA\u00cdS AMARAL","datePublished":"2013-06-14T12:24:16+00:00","mainEntityOfPage":{"@id":"https:\/\/jornalbeirario.com.br\/portal\/?p=10847"},"wordCount":917,"commentCount":0,"publisher":{"@id":"https:\/\/jornalbeirario.com.br\/portal\/#organization"},"articleSection":["Social"],"inLanguage":"pt-BR","potentialAction":[{"@type":"CommentAction","name":"Comment","target":["https:\/\/jornalbeirario.com.br\/portal\/?p=10847#respond"]}]},{"@type":"WebPage","@id":"https:\/\/jornalbeirario.com.br\/portal\/?p=10847","url":"https:\/\/jornalbeirario.com.br\/portal\/?p=10847","name":"LA\u00cdS AMARAL - JORNAL BEIRA RIO","isPartOf":{"@id":"https:\/\/jornalbeirario.com.br\/portal\/#website"},"datePublished":"2013-06-14T12:24:16+00:00","breadcrumb":{"@id":"https:\/\/jornalbeirario.com.br\/portal\/?p=10847#breadcrumb"},"inLanguage":"pt-BR","potentialAction":[{"@type":"ReadAction","target":["https:\/\/jornalbeirario.com.br\/portal\/?p=10847"]}]},{"@type":"BreadcrumbList","@id":"https:\/\/jornalbeirario.com.br\/portal\/?p=10847#breadcrumb","itemListElement":[{"@type":"ListItem","position":1,"name":"Home","item":"https:\/\/jornalbeirario.com.br\/portal"},{"@type":"ListItem","position":2,"name":"LA\u00cdS AMARAL"}]},{"@type":"WebSite","@id":"https:\/\/jornalbeirario.com.br\/portal\/#website","url":"https:\/\/jornalbeirario.com.br\/portal\/","name":"JORNAL BEIRA RIO","description":"","publisher":{"@id":"https:\/\/jornalbeirario.com.br\/portal\/#organization"},"potentialAction":[{"@type":"SearchAction","target":{"@type":"EntryPoint","urlTemplate":"https:\/\/jornalbeirario.com.br\/portal\/?s={search_term_string}"},"query-input":{"@type":"PropertyValueSpecification","valueRequired":true,"valueName":"search_term_string"}}],"inLanguage":"pt-BR"},{"@type":"Organization","@id":"https:\/\/jornalbeirario.com.br\/portal\/#organization","name":"JORNAL BEIRA RIO","url":"https:\/\/jornalbeirario.com.br\/portal\/","logo":{"@type":"ImageObject","inLanguage":"pt-BR","@id":"https:\/\/jornalbeirario.com.br\/portal\/#\/schema\/logo\/image\/","url":"https:\/\/jornalbeirario.com.br\/portal\/wp-content\/uploads\/2017\/09\/BEIRA-RIO_logo600.png","contentUrl":"https:\/\/jornalbeirario.com.br\/portal\/wp-content\/uploads\/2017\/09\/BEIRA-RIO_logo600.png","width":650,"height":108,"caption":"JORNAL BEIRA RIO"},"image":{"@id":"https:\/\/jornalbeirario.com.br\/portal\/#\/schema\/logo\/image\/"}},{"@type":"Person","@id":"https:\/\/jornalbeirario.com.br\/portal\/#\/schema\/person\/c6c423e4c2465d2a9233f6539173e7c1","name":"Jornal BEIRA-RIO","image":{"@type":"ImageObject","inLanguage":"pt-BR","@id":"https:\/\/jornalbeirario.com.br\/portal\/wp-content\/uploads\/2023\/10\/logojbr1.jpg","url":"https:\/\/jornalbeirario.com.br\/portal\/wp-content\/uploads\/2023\/10\/logojbr1.jpg","contentUrl":"https:\/\/jornalbeirario.com.br\/portal\/wp-content\/uploads\/2023\/10\/logojbr1.jpg","caption":"Jornal BEIRA-RIO"},"url":"https:\/\/jornalbeirario.com.br\/portal\/?author=1"}]}},"_links":{"self":[{"href":"https:\/\/jornalbeirario.com.br\/portal\/index.php?rest_route=\/wp\/v2\/posts\/10847","targetHints":{"allow":["GET"]}}],"collection":[{"href":"https:\/\/jornalbeirario.com.br\/portal\/index.php?rest_route=\/wp\/v2\/posts"}],"about":[{"href":"https:\/\/jornalbeirario.com.br\/portal\/index.php?rest_route=\/wp\/v2\/types\/post"}],"author":[{"embeddable":true,"href":"https:\/\/jornalbeirario.com.br\/portal\/index.php?rest_route=\/wp\/v2\/users\/1"}],"replies":[{"embeddable":true,"href":"https:\/\/jornalbeirario.com.br\/portal\/index.php?rest_route=%2Fwp%2Fv2%2Fcomments&post=10847"}],"version-history":[{"count":1,"href":"https:\/\/jornalbeirario.com.br\/portal\/index.php?rest_route=\/wp\/v2\/posts\/10847\/revisions"}],"predecessor-version":[{"id":10848,"href":"https:\/\/jornalbeirario.com.br\/portal\/index.php?rest_route=\/wp\/v2\/posts\/10847\/revisions\/10848"}],"wp:attachment":[{"href":"https:\/\/jornalbeirario.com.br\/portal\/index.php?rest_route=%2Fwp%2Fv2%2Fmedia&parent=10847"}],"wp:term":[{"taxonomy":"category","embeddable":true,"href":"https:\/\/jornalbeirario.com.br\/portal\/index.php?rest_route=%2Fwp%2Fv2%2Fcategories&post=10847"},{"taxonomy":"post_tag","embeddable":true,"href":"https:\/\/jornalbeirario.com.br\/portal\/index.php?rest_route=%2Fwp%2Fv2%2Ftags&post=10847"}],"curies":[{"name":"wp","href":"https:\/\/api.w.org\/{rel}","templated":true}]}}