
{"id":10504,"date":"2013-06-07T12:01:25","date_gmt":"2013-06-07T12:01:25","guid":{"rendered":"http:\/\/jornalbeirario.com.br\/portal\/portal\/?p=10504"},"modified":"2013-06-07T18:14:21","modified_gmt":"2013-06-07T18:14:21","slug":"quem-pensa-resende-parou","status":"publish","type":"post","link":"https:\/\/jornalbeirario.com.br\/portal\/?p=10504","title":{"rendered":"QUEM PENSA? Resende parou!"},"content":{"rendered":"<p style=\"text-align: justify;\">J\u00e1 s\u00e3o oito meses de reelei\u00e7\u00e3o e a sensa\u00e7\u00e3o e clima pol\u00edtico em Resende causam certa estranheza. \u00c9 como se a cidade n\u00e3o tivesse absolutamente nada a se fazer. At\u00e9 servi\u00e7os como varri\u00e7\u00e3o das ruas vemos pessoas t\u00e3o idosas e t\u00e3o devagar que fica a d\u00favida em que condi\u00e7\u00f5es trabalhistas estas pessoas est\u00e3o se expondo a poeira, lixo e tr\u00e2nsito nas ruas da cidade. Esse dias parei na Pra\u00e7a Oliveira Botelho e fiquei observando um senhor que aparentava mais de 70 anos, com seus \u00f3culos escuros e seu bon\u00e9, sem luvas e uma vassoura juntava em c\u00e2mera lenta as folhinhas no meio-fio. Tive vontade de peg\u00e1-lo e lev\u00e1-lo para tomar um caf\u00e9 e ouvir causos dos pretos-velhos. Um senhor daquela idade deveria estar sendo protegido pelo munic\u00edpio e n\u00e3o varrendo ruas.<\/p>\n<p style=\"text-align: justify;\">Minha vis\u00e3o foi humanista e n\u00e3o cr\u00edtica do servi\u00e7o de baixa qualidade, que tamb\u00e9m \u00e9 uma realidade. \u00c9 s\u00f3 passar por v\u00e1rias ruas depois de varridas que encontramos um lixo aqui outro acol\u00e1 deixado at\u00e9 mesmo quando est\u00e3o sendo recolhido com a p\u00e1. J\u00e1 vi senhoras com dificuldades de levantar a p\u00e1 para colocar o lixo dentro da ca\u00e7amba e quando precisam pegar os sacos?\u00a0 Agora pergunto, a prefeitura fiscaliza essas empresas e solicita a regulariza\u00e7\u00e3o trabalhista desse povo? Pode rir. Sabemos que n\u00e3o. Sabemos que a maioria das empresas de limpeza t\u00eam \u2013 por que ser\u00e1? \u2013 muita complac\u00eancia dos administradores, dizem que at\u00e9 em alguns casos h\u00e1 uma rela\u00e7\u00e3o quase de sentimento pessoal. Claro que o interesse pessoal \u00e9 o de bem servir ao povo. N\u00e3o \u00e9?<\/p>\n<p style=\"text-align: justify;\">Pois bem, nem a varri\u00e7\u00e3o da cidade que anda quase parando, nem qualquer outro servi\u00e7o ou obra impressionam \u2013 ou pra quem preferir, surpreendem \u2013 como em 2009, primeiro ano do prefeito Jos\u00e9 Rechuan. Dessa vez, n\u00e3o tem antecessor ruim; o antecessor \u00e9 ele mesmo que foi reeleito com o discurso de que Resende n\u00e3o podia parar, mas parou.<\/p>\n<p style=\"text-align: justify;\">O prefeito ganhou as elei\u00e7\u00f5es, mas continua ganhando a\u00e7\u00f5es na Justi\u00e7a, continua com os bens bloqueados em dois processos e pelo andar da carruagem e das contrata\u00e7\u00f5es sem licita\u00e7\u00e3o que vem realizando vai ganhar mais questionamentos. Os questionamentos na Justi\u00e7a ou solicita\u00e7\u00f5es de investiga\u00e7\u00f5es, ao contr\u00e1rio, do que querem fazer acreditar, os asseclas e os que precisam desesperadamente de um cargo comissionado, representam sim amea\u00e7as a governabilidade. Rechuan j\u00e1 n\u00e3o \u00e9 visto nas ruas como antes. Seus discursos est\u00e3o encolhidos. E o pior, anda se consumindo se tomou a decis\u00e3o certa em antecipar seu apoio a Cabral em 2014, porque infelizmente, o munic\u00edpio ao reeleger Rechuan, perdeu o prefeito.<\/p>\n<p style=\"text-align: justify;\">Explico: a reelei\u00e7\u00e3o em munic\u00edpio tem dessas coisas. Tenho ouvido com certa frequ\u00eancia: \u201cO que houve com o Rechuan. A cidade parou, n\u00e9?\u201d E quando respondo, afirmo: \u00e9 a reelei\u00e7\u00e3o. Outras vezes, prefiro s\u00f3 ouvir e fazer cara de interroga\u00e7\u00e3o, assim consigo perceber que a pessoa que pergunta tem a resposta, mas prefere que outra pessoa responda, quase como uma forma de se mostrar inocente. Eleitor tem dessas coisas. O eleitor de Resende tem mem\u00f3ria curta, do contr\u00e1rio lembraria o que foi o segundo mandato de Eduardo Meohas, mas isso \u00e9 passado, voltemos ao presente e a mais recente fun\u00e7\u00e3o do prefeito Rechuan: ele \u00e9 presidente do Cons\u00f3rcio Intermunicipal de Seguran\u00e7a com Cidadania do M\u00e9dio Para\u00edba. Nome comprido. O que faz? N\u00e3o me perguntem porque n\u00e3o sei. Na manh\u00e3 do dia 6, foi o evento de implanta\u00e7\u00e3o do Gabinete de Gest\u00e3o Integrada Regional (GGIR) envolvendo outros munic\u00edpios da regi\u00e3o. A viol\u00eancia na cidade n\u00e3o ser\u00e1 interrompida por gabinete algum ou qualquer outra medida, mas poder\u00e1 ser minimizada por a\u00e7\u00f5es de<br \/>\npol\u00edticas p\u00fablicas municipais preventivas que n\u00e3o vemos. Pra mim, essa conversa de cons\u00f3rcio \u00e9 s\u00f3 pra tirar dinheiro dos programas federais. A\u00e7\u00e3o que \u00e9 bom&#8230; s\u00f3 de Pol\u00edcia, de cacete, de pris\u00e3o, de aumento de efetivo. De vis\u00e3o meramente de repress\u00e3o e n\u00e3o preven\u00e7\u00e3o.<\/p>\n<p style=\"text-align: justify;\">As fac\u00e7\u00f5es criminosas est\u00e3o na frente de qualquer Gest\u00e3o Integrada. Algu\u00e9m tem d\u00favida disso?<\/p>\n<p style=\"text-align: justify;\">Pois bem, o prefeito pega uma fun\u00e7\u00e3o com nome comprido e garboso e os tiros comem solto na zona do medo semanalmente. A evas\u00e3o escolar de adolescentes semialfabetizados \u00e9 uma realidade que o munic\u00edpio n\u00e3o consegue minimizar; n\u00e3o existem empregos ou forma\u00e7\u00e3o que atraia esse p\u00fablico jovem que a cada dia encontra na droga seu maior lazer. O governo resolveu acreditar que toda a solu\u00e7\u00e3o est\u00e1 numa escola t\u00e9cnica, mas como se os jovens n\u00e3o sabem nem ler ou escrever? E essa responsabilidade \u00e9 de quem? \u00c9 do munic\u00edpio.<\/p>\n<p style=\"text-align: justify;\">Interessante ter a\u00e7\u00f5es integradas com outros munic\u00edpios, mas para qu\u00ea efetivamente? De novo, ser\u00e3o as a\u00e7\u00f5es de Pol\u00edcia e n\u00e3o aquelas singulares de cada munic\u00edpio. E assim, Rechuan segue chegando ao fim da metade do primeiro ano de sua reelei\u00e7\u00e3o com problemas cada vez maiores e preocupa\u00e7\u00f5es cada vez mais distantes da real necessidade da popula\u00e7\u00e3o.<\/p>\n<p style=\"text-align: justify;\">O Centro Hist\u00f3rico de Resende est\u00e1 desaparecendo. Alguns propriet\u00e1rios de casarios antigos est\u00e3o deixando os im\u00f3veis apodrecerem, outros sem condi\u00e7\u00f5es tamb\u00e9m est\u00e3o vendo a deteriora\u00e7\u00e3o agravada pelos \u00f4nibus e caminh\u00f5es que passam nas ruas da parte antiga da cidade, que logo ser\u00e1 a parte fantasma, tamanho \u00e9 o abandono. S\u00f3 n\u00e3o e pior, porque a igreja Matriz funciona na pra\u00e7a Oliveira Botelho, do contr\u00e1rio, o lugar j\u00e1 estaria sepultado. A pr\u00f3pria prefeitura aluga im\u00f3vel naquele local, o antigo asilo, e l\u00e1 instala diversos servi\u00e7os sem promover uma reforma que seja, no lugar. As obras rec\u00e9m-inauguradas, a maioria no ano eleitoral, ou seja, ano passado, j\u00e1 apresentam problemas estruturais, de infiltra\u00e7\u00e3o e de flagrante desrespeito ao dinheiro p\u00fablico, sem falar em outras que n\u00e3o sa\u00edram do lugar, apesar dos quatro anos de governo: a creche do Contorno (leia na p\u00e1gina 03) que o diga.<\/p>\n<p style=\"text-align: justify;\">O governo perdeu o encanto e o slogan \u201cResende Surpreende\u201d vira piada a cada \u00f4nibus\u00a0 da S\u00e3o Miguel que quebra ou n\u00e3o aparece no hor\u00e1rio, na cobran\u00e7a absurda de esgoto que a concession\u00e1ria \u00c1guas das Agulhas Negras mant\u00e9m, na in\u00e9rcia e tentativa de mostrar servi\u00e7o dos vereadores da cidade (esses \u00e9 melhor nem comentar neste artigo, n\u00e3o que mere\u00e7am espa\u00e7o privilegiado, mas para definir o papel que andam desempenhando (ou n\u00e3o desempenhando) n\u00e3o d\u00e1 no espa\u00e7o desta semana. O governo Rechuan ficou com cara vermelha na hist\u00f3ria da Lagoa da Turfeira (leia a mat\u00e9ria na p\u00e1gina 12) e perdeu credibilidade junto \u00e0 Nissan. As a\u00e7\u00f5es de cordialidade ou aparente \u201cparceria\u201d s\u00e3o todas protocolares depois do papel\u00e3o que o munic\u00edpio fez a montadora passar, seja pela Turfeira, seja pela retirada de terra para o aterramento da \u00e1rea que envolveu diretamente a Ag\u00eancia de Meio Ambiente gerando inclusive um processo que tem gente que afirma pode at\u00e9 dar cadeia.<\/p>\n<p style=\"text-align: justify;\">Algumas obras aqui e acol\u00e1, em hor\u00e1rio de prefer\u00eancia de muito fluxo de carros e pedestres nas ruas, s\u00e3o vistas e usadas ainda numa l\u00f3gica \u00e0s avessas e tenta convencer o mun\u00edcipe que muito est\u00e1 se fazendo pela cidade.<\/p>\n<p style=\"text-align: justify;\">O governo Rechuan ainda tem muitos \u201caliados\u201d todos garantidos enquanto os servi\u00e7os forem contratados ou os cargos comissionados ganhando. O governo Rechuan tem mais de cinco mil funcion\u00e1rios, um peso absurdo no or\u00e7amento municipal e continua sem qualquer planejamento para gerar receita pr\u00f3pria. Se amanh\u00e3, por exemplo, os governos estadual e federal n\u00e3o mandarem dinheiro, a cidade vai ver a porca torcer o rabo.<\/p>\n<p style=\"text-align: justify;\">Fico eu aqui, como sempre, na torcida, que os governos acertem. Sem esperan\u00e7a, sou sincera, mas sem torcer contra. S\u00f3 n\u00e3o fa\u00e7o parte dos que batem palmas ou que usam as m\u00e3os para outros fins como por exemplo, aquela imagem dos macaquinhos que tapam os olhos, os ouvidos e a boca.<\/p>\n<p style=\"text-align: justify;\">Ana L\u00facia<br \/>\neditora do jornal BEIRA-RIO<br \/>\nanalucia@jornalbeirario.com.br<\/p>\n","protected":false},"excerpt":{"rendered":"<p>J\u00e1 s\u00e3o oito meses de reelei\u00e7\u00e3o e a sensa\u00e7\u00e3o e clima pol\u00edtico em Resende causam certa estranheza. \u00c9 como se a cidade n\u00e3o tivesse<\/p>\n","protected":false},"author":1,"featured_media":0,"comment_status":"open","ping_status":"open","sticky":false,"template":"","format":"standard","meta":{"pmpro_default_level":"","footnotes":""},"categories":[8],"tags":[],"class_list":["post-10504","post","type-post","status-publish","format-standard","hentry","category-opiniao","pmpro-has-access"],"yoast_head":"<!-- This site is optimized with the Yoast SEO plugin v27.4 - https:\/\/yoast.com\/product\/yoast-seo-wordpress\/ -->\n<title>QUEM PENSA? Resende parou! - JORNAL BEIRA RIO<\/title>\n<meta name=\"robots\" content=\"index, follow, max-snippet:-1, max-image-preview:large, max-video-preview:-1\" \/>\n<link rel=\"canonical\" href=\"https:\/\/jornalbeirario.com.br\/portal\/?p=10504\" \/>\n<meta property=\"og:locale\" content=\"pt_BR\" \/>\n<meta property=\"og:type\" content=\"article\" \/>\n<meta property=\"og:title\" content=\"QUEM PENSA? Resende parou! - JORNAL BEIRA RIO\" \/>\n<meta property=\"og:description\" content=\"J\u00e1 s\u00e3o oito meses de reelei\u00e7\u00e3o e a sensa\u00e7\u00e3o e clima pol\u00edtico em Resende causam certa estranheza. \u00c9 como se a cidade n\u00e3o tivesse\" \/>\n<meta property=\"og:url\" content=\"https:\/\/jornalbeirario.com.br\/portal\/?p=10504\" \/>\n<meta property=\"og:site_name\" content=\"JORNAL BEIRA RIO\" \/>\n<meta property=\"article:published_time\" content=\"2013-06-07T12:01:25+00:00\" \/>\n<meta property=\"article:modified_time\" content=\"2013-06-07T18:14:21+00:00\" \/>\n<meta name=\"author\" content=\"Jornal BEIRA-RIO\" \/>\n<meta name=\"twitter:card\" content=\"summary_large_image\" \/>\n<meta name=\"twitter:label1\" content=\"Escrito por\" \/>\n\t<meta name=\"twitter:data1\" content=\"Jornal BEIRA-RIO\" \/>\n\t<meta name=\"twitter:label2\" content=\"Est. tempo de leitura\" \/>\n\t<meta name=\"twitter:data2\" content=\"7 minutos\" \/>\n<script type=\"application\/ld+json\" class=\"yoast-schema-graph\">{\"@context\":\"https:\\\/\\\/schema.org\",\"@graph\":[{\"@type\":\"Article\",\"@id\":\"https:\\\/\\\/jornalbeirario.com.br\\\/portal\\\/?p=10504#article\",\"isPartOf\":{\"@id\":\"https:\\\/\\\/jornalbeirario.com.br\\\/portal\\\/?p=10504\"},\"author\":{\"name\":\"Jornal BEIRA-RIO\",\"@id\":\"https:\\\/\\\/jornalbeirario.com.br\\\/portal\\\/#\\\/schema\\\/person\\\/c6c423e4c2465d2a9233f6539173e7c1\"},\"headline\":\"QUEM PENSA? Resende parou!\",\"datePublished\":\"2013-06-07T12:01:25+00:00\",\"dateModified\":\"2013-06-07T18:14:21+00:00\",\"mainEntityOfPage\":{\"@id\":\"https:\\\/\\\/jornalbeirario.com.br\\\/portal\\\/?p=10504\"},\"wordCount\":1408,\"commentCount\":1,\"publisher\":{\"@id\":\"https:\\\/\\\/jornalbeirario.com.br\\\/portal\\\/#organization\"},\"articleSection\":[\"Opini\u00e3o\"],\"inLanguage\":\"pt-BR\",\"potentialAction\":[{\"@type\":\"CommentAction\",\"name\":\"Comment\",\"target\":[\"https:\\\/\\\/jornalbeirario.com.br\\\/portal\\\/?p=10504#respond\"]}]},{\"@type\":\"WebPage\",\"@id\":\"https:\\\/\\\/jornalbeirario.com.br\\\/portal\\\/?p=10504\",\"url\":\"https:\\\/\\\/jornalbeirario.com.br\\\/portal\\\/?p=10504\",\"name\":\"QUEM PENSA? Resende parou! - JORNAL BEIRA RIO\",\"isPartOf\":{\"@id\":\"https:\\\/\\\/jornalbeirario.com.br\\\/portal\\\/#website\"},\"datePublished\":\"2013-06-07T12:01:25+00:00\",\"dateModified\":\"2013-06-07T18:14:21+00:00\",\"breadcrumb\":{\"@id\":\"https:\\\/\\\/jornalbeirario.com.br\\\/portal\\\/?p=10504#breadcrumb\"},\"inLanguage\":\"pt-BR\",\"potentialAction\":[{\"@type\":\"ReadAction\",\"target\":[\"https:\\\/\\\/jornalbeirario.com.br\\\/portal\\\/?p=10504\"]}]},{\"@type\":\"BreadcrumbList\",\"@id\":\"https:\\\/\\\/jornalbeirario.com.br\\\/portal\\\/?p=10504#breadcrumb\",\"itemListElement\":[{\"@type\":\"ListItem\",\"position\":1,\"name\":\"Home\",\"item\":\"https:\\\/\\\/jornalbeirario.com.br\\\/portal\"},{\"@type\":\"ListItem\",\"position\":2,\"name\":\"QUEM PENSA? Resende parou!\"}]},{\"@type\":\"WebSite\",\"@id\":\"https:\\\/\\\/jornalbeirario.com.br\\\/portal\\\/#website\",\"url\":\"https:\\\/\\\/jornalbeirario.com.br\\\/portal\\\/\",\"name\":\"JORNAL BEIRA RIO\",\"description\":\"\",\"publisher\":{\"@id\":\"https:\\\/\\\/jornalbeirario.com.br\\\/portal\\\/#organization\"},\"potentialAction\":[{\"@type\":\"SearchAction\",\"target\":{\"@type\":\"EntryPoint\",\"urlTemplate\":\"https:\\\/\\\/jornalbeirario.com.br\\\/portal\\\/?s={search_term_string}\"},\"query-input\":{\"@type\":\"PropertyValueSpecification\",\"valueRequired\":true,\"valueName\":\"search_term_string\"}}],\"inLanguage\":\"pt-BR\"},{\"@type\":\"Organization\",\"@id\":\"https:\\\/\\\/jornalbeirario.com.br\\\/portal\\\/#organization\",\"name\":\"JORNAL BEIRA RIO\",\"url\":\"https:\\\/\\\/jornalbeirario.com.br\\\/portal\\\/\",\"logo\":{\"@type\":\"ImageObject\",\"inLanguage\":\"pt-BR\",\"@id\":\"https:\\\/\\\/jornalbeirario.com.br\\\/portal\\\/#\\\/schema\\\/logo\\\/image\\\/\",\"url\":\"https:\\\/\\\/jornalbeirario.com.br\\\/portal\\\/wp-content\\\/uploads\\\/2017\\\/09\\\/BEIRA-RIO_logo600.png\",\"contentUrl\":\"https:\\\/\\\/jornalbeirario.com.br\\\/portal\\\/wp-content\\\/uploads\\\/2017\\\/09\\\/BEIRA-RIO_logo600.png\",\"width\":650,\"height\":108,\"caption\":\"JORNAL BEIRA RIO\"},\"image\":{\"@id\":\"https:\\\/\\\/jornalbeirario.com.br\\\/portal\\\/#\\\/schema\\\/logo\\\/image\\\/\"}},{\"@type\":\"Person\",\"@id\":\"https:\\\/\\\/jornalbeirario.com.br\\\/portal\\\/#\\\/schema\\\/person\\\/c6c423e4c2465d2a9233f6539173e7c1\",\"name\":\"Jornal BEIRA-RIO\",\"image\":{\"@type\":\"ImageObject\",\"inLanguage\":\"pt-BR\",\"@id\":\"https:\\\/\\\/jornalbeirario.com.br\\\/portal\\\/wp-content\\\/uploads\\\/2023\\\/10\\\/logojbr1.jpg\",\"url\":\"https:\\\/\\\/jornalbeirario.com.br\\\/portal\\\/wp-content\\\/uploads\\\/2023\\\/10\\\/logojbr1.jpg\",\"contentUrl\":\"https:\\\/\\\/jornalbeirario.com.br\\\/portal\\\/wp-content\\\/uploads\\\/2023\\\/10\\\/logojbr1.jpg\",\"caption\":\"Jornal BEIRA-RIO\"},\"url\":\"https:\\\/\\\/jornalbeirario.com.br\\\/portal\\\/?author=1\"}]}<\/script>\n<!-- \/ Yoast SEO plugin. -->","yoast_head_json":{"title":"QUEM PENSA? Resende parou! - JORNAL BEIRA RIO","robots":{"index":"index","follow":"follow","max-snippet":"max-snippet:-1","max-image-preview":"max-image-preview:large","max-video-preview":"max-video-preview:-1"},"canonical":"https:\/\/jornalbeirario.com.br\/portal\/?p=10504","og_locale":"pt_BR","og_type":"article","og_title":"QUEM PENSA? Resende parou! - JORNAL BEIRA RIO","og_description":"J\u00e1 s\u00e3o oito meses de reelei\u00e7\u00e3o e a sensa\u00e7\u00e3o e clima pol\u00edtico em Resende causam certa estranheza. \u00c9 como se a cidade n\u00e3o tivesse","og_url":"https:\/\/jornalbeirario.com.br\/portal\/?p=10504","og_site_name":"JORNAL BEIRA RIO","article_published_time":"2013-06-07T12:01:25+00:00","article_modified_time":"2013-06-07T18:14:21+00:00","author":"Jornal BEIRA-RIO","twitter_card":"summary_large_image","twitter_misc":{"Escrito por":"Jornal BEIRA-RIO","Est. tempo de leitura":"7 minutos"},"schema":{"@context":"https:\/\/schema.org","@graph":[{"@type":"Article","@id":"https:\/\/jornalbeirario.com.br\/portal\/?p=10504#article","isPartOf":{"@id":"https:\/\/jornalbeirario.com.br\/portal\/?p=10504"},"author":{"name":"Jornal BEIRA-RIO","@id":"https:\/\/jornalbeirario.com.br\/portal\/#\/schema\/person\/c6c423e4c2465d2a9233f6539173e7c1"},"headline":"QUEM PENSA? Resende parou!","datePublished":"2013-06-07T12:01:25+00:00","dateModified":"2013-06-07T18:14:21+00:00","mainEntityOfPage":{"@id":"https:\/\/jornalbeirario.com.br\/portal\/?p=10504"},"wordCount":1408,"commentCount":1,"publisher":{"@id":"https:\/\/jornalbeirario.com.br\/portal\/#organization"},"articleSection":["Opini\u00e3o"],"inLanguage":"pt-BR","potentialAction":[{"@type":"CommentAction","name":"Comment","target":["https:\/\/jornalbeirario.com.br\/portal\/?p=10504#respond"]}]},{"@type":"WebPage","@id":"https:\/\/jornalbeirario.com.br\/portal\/?p=10504","url":"https:\/\/jornalbeirario.com.br\/portal\/?p=10504","name":"QUEM PENSA? Resende parou! - JORNAL BEIRA RIO","isPartOf":{"@id":"https:\/\/jornalbeirario.com.br\/portal\/#website"},"datePublished":"2013-06-07T12:01:25+00:00","dateModified":"2013-06-07T18:14:21+00:00","breadcrumb":{"@id":"https:\/\/jornalbeirario.com.br\/portal\/?p=10504#breadcrumb"},"inLanguage":"pt-BR","potentialAction":[{"@type":"ReadAction","target":["https:\/\/jornalbeirario.com.br\/portal\/?p=10504"]}]},{"@type":"BreadcrumbList","@id":"https:\/\/jornalbeirario.com.br\/portal\/?p=10504#breadcrumb","itemListElement":[{"@type":"ListItem","position":1,"name":"Home","item":"https:\/\/jornalbeirario.com.br\/portal"},{"@type":"ListItem","position":2,"name":"QUEM PENSA? Resende parou!"}]},{"@type":"WebSite","@id":"https:\/\/jornalbeirario.com.br\/portal\/#website","url":"https:\/\/jornalbeirario.com.br\/portal\/","name":"JORNAL BEIRA RIO","description":"","publisher":{"@id":"https:\/\/jornalbeirario.com.br\/portal\/#organization"},"potentialAction":[{"@type":"SearchAction","target":{"@type":"EntryPoint","urlTemplate":"https:\/\/jornalbeirario.com.br\/portal\/?s={search_term_string}"},"query-input":{"@type":"PropertyValueSpecification","valueRequired":true,"valueName":"search_term_string"}}],"inLanguage":"pt-BR"},{"@type":"Organization","@id":"https:\/\/jornalbeirario.com.br\/portal\/#organization","name":"JORNAL BEIRA RIO","url":"https:\/\/jornalbeirario.com.br\/portal\/","logo":{"@type":"ImageObject","inLanguage":"pt-BR","@id":"https:\/\/jornalbeirario.com.br\/portal\/#\/schema\/logo\/image\/","url":"https:\/\/jornalbeirario.com.br\/portal\/wp-content\/uploads\/2017\/09\/BEIRA-RIO_logo600.png","contentUrl":"https:\/\/jornalbeirario.com.br\/portal\/wp-content\/uploads\/2017\/09\/BEIRA-RIO_logo600.png","width":650,"height":108,"caption":"JORNAL BEIRA RIO"},"image":{"@id":"https:\/\/jornalbeirario.com.br\/portal\/#\/schema\/logo\/image\/"}},{"@type":"Person","@id":"https:\/\/jornalbeirario.com.br\/portal\/#\/schema\/person\/c6c423e4c2465d2a9233f6539173e7c1","name":"Jornal BEIRA-RIO","image":{"@type":"ImageObject","inLanguage":"pt-BR","@id":"https:\/\/jornalbeirario.com.br\/portal\/wp-content\/uploads\/2023\/10\/logojbr1.jpg","url":"https:\/\/jornalbeirario.com.br\/portal\/wp-content\/uploads\/2023\/10\/logojbr1.jpg","contentUrl":"https:\/\/jornalbeirario.com.br\/portal\/wp-content\/uploads\/2023\/10\/logojbr1.jpg","caption":"Jornal BEIRA-RIO"},"url":"https:\/\/jornalbeirario.com.br\/portal\/?author=1"}]}},"_links":{"self":[{"href":"https:\/\/jornalbeirario.com.br\/portal\/index.php?rest_route=\/wp\/v2\/posts\/10504","targetHints":{"allow":["GET"]}}],"collection":[{"href":"https:\/\/jornalbeirario.com.br\/portal\/index.php?rest_route=\/wp\/v2\/posts"}],"about":[{"href":"https:\/\/jornalbeirario.com.br\/portal\/index.php?rest_route=\/wp\/v2\/types\/post"}],"author":[{"embeddable":true,"href":"https:\/\/jornalbeirario.com.br\/portal\/index.php?rest_route=\/wp\/v2\/users\/1"}],"replies":[{"embeddable":true,"href":"https:\/\/jornalbeirario.com.br\/portal\/index.php?rest_route=%2Fwp%2Fv2%2Fcomments&post=10504"}],"version-history":[{"count":4,"href":"https:\/\/jornalbeirario.com.br\/portal\/index.php?rest_route=\/wp\/v2\/posts\/10504\/revisions"}],"predecessor-version":[{"id":10572,"href":"https:\/\/jornalbeirario.com.br\/portal\/index.php?rest_route=\/wp\/v2\/posts\/10504\/revisions\/10572"}],"wp:attachment":[{"href":"https:\/\/jornalbeirario.com.br\/portal\/index.php?rest_route=%2Fwp%2Fv2%2Fmedia&parent=10504"}],"wp:term":[{"taxonomy":"category","embeddable":true,"href":"https:\/\/jornalbeirario.com.br\/portal\/index.php?rest_route=%2Fwp%2Fv2%2Fcategories&post=10504"},{"taxonomy":"post_tag","embeddable":true,"href":"https:\/\/jornalbeirario.com.br\/portal\/index.php?rest_route=%2Fwp%2Fv2%2Ftags&post=10504"}],"curies":[{"name":"wp","href":"https:\/\/api.w.org\/{rel}","templated":true}]}}