
{"id":10304,"date":"2013-06-03T15:36:48","date_gmt":"2013-06-03T15:36:48","guid":{"rendered":"http:\/\/jornalbeirario.com.br\/portal\/portal\/?p=10304"},"modified":"2013-06-03T15:36:48","modified_gmt":"2013-06-03T15:36:48","slug":"semana-do-meio-ambiente-comeca-em-resende","status":"publish","type":"post","link":"https:\/\/jornalbeirario.com.br\/portal\/?p=10304","title":{"rendered":"Semana do Meio Ambiente come\u00e7a em Resende"},"content":{"rendered":"<figure id=\"attachment_10305\" aria-describedby=\"caption-attachment-10305\" style=\"width: 300px\" class=\"wp-caption alignleft\"><a href=\"https:\/\/jornalbeirario.com.br\/portal\/wp-content\/uploads\/2013\/06\/mudas.jpg\"><img loading=\"lazy\" decoding=\"async\" class=\"size-medium wp-image-10305\" title=\"mudas\" src=\"https:\/\/jornalbeirario.com.br\/portal\/wp-content\/uploads\/2013\/06\/mudas-300x199.jpg\" alt=\"\" width=\"300\" height=\"199\" srcset=\"https:\/\/jornalbeirario.com.br\/portal\/wp-content\/uploads\/2013\/06\/mudas-300x199.jpg 300w, https:\/\/jornalbeirario.com.br\/portal\/wp-content\/uploads\/2013\/06\/mudas.jpg 640w\" sizes=\"auto, (max-width: 300px) 100vw, 300px\" \/><\/a><figcaption id=\"caption-attachment-10305\" class=\"wp-caption-text\">Foto: Divulga\u00e7\u00e3o<\/figcaption><\/figure>\n<p style=\"text-align: justify;\" align=\"center\">A Ag\u00eancia do Meio Ambiente (Amar), em parceria com a Nissan do Brasil, realiza mais uma edi\u00e7\u00e3o da Semana do Meio Ambiente. O evento, com o tema \u201cInvestir no Meio Ambiente \u00e9 Garantir Qualidade de Vida para Todos!\u201d, se inicia na ter\u00e7a-feira, dia 4, com tr\u00eas sess\u00f5es de cinema, e ainda conta com oficinas, m\u00fasica, palestras, visitas orientadas e plantio de mudas nas margens do Rio Para\u00edba do Sul.<\/p>\n<p style=\"text-align: justify;\">\u2014 \u00c9 o quinto ano consecutivo que comemoramos o Dia Mundial do Meio Ambiente, e sempre com uma programa\u00e7\u00e3o que contribui com o projeto de educa\u00e7\u00e3o ambiental desenvolvido pela Prefeitura &#8211; comenta a coordenadora do Programa Municipal de Mobiliza\u00e7\u00e3o, Comunica\u00e7\u00e3o e Educa\u00e7\u00e3o Ambiental da Amar, Ros\u00e2ngela Vieira.<\/p>\n<p style=\"text-align: justify;\">No dia 4, acontecem tr\u00eas sess\u00f5es de cinema, no Plen\u00e1rio da C\u00e2mara de Resende, no Centro Hist\u00f3rico. Cerca de 300 alunos do Ensino M\u00e9dio, das redes p\u00fablicas e particular, v\u00e3o assistir, a partir das 8 horas, aos \u00a0filmes: &#8220;Home: Nosso Planeta, Nossa Casa&#8221;, um document\u00e1rio dirigido por Yann Arthus Bertrand; \u00e0s 10 horas, &#8220;Saneamento B\u00e1sico&#8221;,\u00a0com\u00e9dia de Jorge Furtado; e \u00e0s 14 horas, &#8220;Lixo Extraordin\u00e1rio&#8221;,\u00a0document\u00e1rio de Lucy Walker.<\/p>\n<p style=\"text-align: justify;\">J\u00e1 na quarta-feira, dia 5, Dia Mundial do Meio Ambiente, acontece das 9 \u00e0s 20 horas, no Parque das \u00c1guas, uma programa\u00e7\u00e3o especial com oficinas socioambientais, exposi\u00e7\u00f5es, doa\u00e7\u00f5es de mudas arb\u00f3reas e ornamentais, oficinas de artesanatos, e apresenta\u00e7\u00e3o musical com a cantora Malu Rocha. A expectativa \u00e9 que cerca de 1,5 mil pessoas passem pelo local.<\/p>\n<p style=\"text-align: justify;\">Na quinta-feira, dia 6, a partir das 19 horas, na Associa\u00e7\u00e3o Educacional Dom Bosco, na Morada da Colina, acontece o F\u00f3rum Pr\u00e9-Confer\u00eancia Municipal do Meio Ambiente, que ser\u00e1 aberto ao p\u00fablico, e contar\u00e1 com uma rodada de palestras. Ser\u00e3o apresentados quatro temas: &#8220;Pol\u00edtica Nacional de Res\u00edduos S\u00f3lidos \u2013 Adequa\u00e7\u00e3o Municipal&#8221;, ministrada pelo presidente da Amar, Wilson Moura; &#8220;Emiss\u00e3o Zero&#8221;, com o representante da Nissan do Brasil, Anderson Suzuki; &#8220;Economia Verde \u2013 Compostagem&#8221;, ministrada pelo representante da empresa Brasil Lixo Zero, Ricardo Machado; e &#8220;Gera\u00e7\u00e3o de Emprego, Trabalho, Renda e Educa\u00e7\u00e3o Ambiental&#8221;, com a representante da Ger\u00eancia de Educa\u00e7\u00e3o Ambiental do Instituto Estadual do Ambiente (Inea), L\u00facia Colla\u00e7o.<\/p>\n<p style=\"text-align: justify;\"><em>Fonte: Assessoria de Comunica\u00e7\u00e3o (PMR)<\/em><\/p>\n","protected":false},"excerpt":{"rendered":"<p>A Ag\u00eancia do Meio Ambiente (Amar), em parceria com a Nissan do Brasil, realiza mais uma edi\u00e7\u00e3o da Semana do Meio Ambiente. O evento,<\/p>\n","protected":false},"author":1,"featured_media":10305,"comment_status":"open","ping_status":"open","sticky":false,"template":"","format":"standard","meta":{"pmpro_default_level":"","footnotes":""},"categories":[27],"tags":[155],"class_list":["post-10304","post","type-post","status-publish","format-standard","has-post-thumbnail","hentry","category-meioambiente","tag-dehoraemhora","pmpro-has-access"],"yoast_head":"<!-- This site is optimized with the Yoast SEO plugin v27.4 - https:\/\/yoast.com\/product\/yoast-seo-wordpress\/ -->\n<title>Semana do Meio Ambiente come\u00e7a em Resende - JORNAL BEIRA RIO<\/title>\n<meta name=\"robots\" content=\"index, follow, max-snippet:-1, max-image-preview:large, max-video-preview:-1\" \/>\n<link rel=\"canonical\" href=\"https:\/\/jornalbeirario.com.br\/portal\/?p=10304\" \/>\n<meta property=\"og:locale\" content=\"pt_BR\" \/>\n<meta property=\"og:type\" content=\"article\" \/>\n<meta property=\"og:title\" content=\"Semana do Meio Ambiente come\u00e7a em Resende - JORNAL BEIRA RIO\" \/>\n<meta property=\"og:description\" content=\"A Ag\u00eancia do Meio Ambiente (Amar), em parceria com a Nissan do Brasil, realiza mais uma edi\u00e7\u00e3o da Semana do Meio Ambiente. O evento,\" \/>\n<meta property=\"og:url\" content=\"https:\/\/jornalbeirario.com.br\/portal\/?p=10304\" \/>\n<meta property=\"og:site_name\" content=\"JORNAL BEIRA RIO\" \/>\n<meta property=\"article:published_time\" content=\"2013-06-03T15:36:48+00:00\" \/>\n<meta property=\"og:image\" content=\"https:\/\/jornalbeirario.com.br\/portal\/wp-content\/uploads\/2013\/06\/mudas.jpg\" \/>\n\t<meta property=\"og:image:width\" content=\"640\" \/>\n\t<meta property=\"og:image:height\" content=\"425\" \/>\n\t<meta property=\"og:image:type\" content=\"image\/jpeg\" \/>\n<meta name=\"author\" content=\"Jornal BEIRA-RIO\" \/>\n<meta name=\"twitter:card\" content=\"summary_large_image\" \/>\n<meta name=\"twitter:label1\" content=\"Escrito por\" \/>\n\t<meta name=\"twitter:data1\" content=\"Jornal BEIRA-RIO\" \/>\n\t<meta name=\"twitter:label2\" content=\"Est. tempo de leitura\" \/>\n\t<meta name=\"twitter:data2\" content=\"2 minutos\" \/>\n<script type=\"application\/ld+json\" class=\"yoast-schema-graph\">{\"@context\":\"https:\\\/\\\/schema.org\",\"@graph\":[{\"@type\":\"Article\",\"@id\":\"https:\\\/\\\/jornalbeirario.com.br\\\/portal\\\/?p=10304#article\",\"isPartOf\":{\"@id\":\"https:\\\/\\\/jornalbeirario.com.br\\\/portal\\\/?p=10304\"},\"author\":{\"name\":\"Jornal BEIRA-RIO\",\"@id\":\"https:\\\/\\\/jornalbeirario.com.br\\\/portal\\\/#\\\/schema\\\/person\\\/c6c423e4c2465d2a9233f6539173e7c1\"},\"headline\":\"Semana do Meio Ambiente come\u00e7a em Resende\",\"datePublished\":\"2013-06-03T15:36:48+00:00\",\"mainEntityOfPage\":{\"@id\":\"https:\\\/\\\/jornalbeirario.com.br\\\/portal\\\/?p=10304\"},\"wordCount\":403,\"commentCount\":1,\"publisher\":{\"@id\":\"https:\\\/\\\/jornalbeirario.com.br\\\/portal\\\/#organization\"},\"image\":{\"@id\":\"https:\\\/\\\/jornalbeirario.com.br\\\/portal\\\/?p=10304#primaryimage\"},\"thumbnailUrl\":\"https:\\\/\\\/jornalbeirario.com.br\\\/portal\\\/wp-content\\\/uploads\\\/2013\\\/06\\\/mudas.jpg\",\"keywords\":[\"dehoraemhora\"],\"articleSection\":[\"Meio Ambiente\"],\"inLanguage\":\"pt-BR\",\"potentialAction\":[{\"@type\":\"CommentAction\",\"name\":\"Comment\",\"target\":[\"https:\\\/\\\/jornalbeirario.com.br\\\/portal\\\/?p=10304#respond\"]}]},{\"@type\":\"WebPage\",\"@id\":\"https:\\\/\\\/jornalbeirario.com.br\\\/portal\\\/?p=10304\",\"url\":\"https:\\\/\\\/jornalbeirario.com.br\\\/portal\\\/?p=10304\",\"name\":\"Semana do Meio Ambiente come\u00e7a em Resende - JORNAL BEIRA RIO\",\"isPartOf\":{\"@id\":\"https:\\\/\\\/jornalbeirario.com.br\\\/portal\\\/#website\"},\"primaryImageOfPage\":{\"@id\":\"https:\\\/\\\/jornalbeirario.com.br\\\/portal\\\/?p=10304#primaryimage\"},\"image\":{\"@id\":\"https:\\\/\\\/jornalbeirario.com.br\\\/portal\\\/?p=10304#primaryimage\"},\"thumbnailUrl\":\"https:\\\/\\\/jornalbeirario.com.br\\\/portal\\\/wp-content\\\/uploads\\\/2013\\\/06\\\/mudas.jpg\",\"datePublished\":\"2013-06-03T15:36:48+00:00\",\"breadcrumb\":{\"@id\":\"https:\\\/\\\/jornalbeirario.com.br\\\/portal\\\/?p=10304#breadcrumb\"},\"inLanguage\":\"pt-BR\",\"potentialAction\":[{\"@type\":\"ReadAction\",\"target\":[\"https:\\\/\\\/jornalbeirario.com.br\\\/portal\\\/?p=10304\"]}]},{\"@type\":\"ImageObject\",\"inLanguage\":\"pt-BR\",\"@id\":\"https:\\\/\\\/jornalbeirario.com.br\\\/portal\\\/?p=10304#primaryimage\",\"url\":\"https:\\\/\\\/jornalbeirario.com.br\\\/portal\\\/wp-content\\\/uploads\\\/2013\\\/06\\\/mudas.jpg\",\"contentUrl\":\"https:\\\/\\\/jornalbeirario.com.br\\\/portal\\\/wp-content\\\/uploads\\\/2013\\\/06\\\/mudas.jpg\",\"width\":\"640\",\"height\":\"425\"},{\"@type\":\"BreadcrumbList\",\"@id\":\"https:\\\/\\\/jornalbeirario.com.br\\\/portal\\\/?p=10304#breadcrumb\",\"itemListElement\":[{\"@type\":\"ListItem\",\"position\":1,\"name\":\"Home\",\"item\":\"https:\\\/\\\/jornalbeirario.com.br\\\/portal\"},{\"@type\":\"ListItem\",\"position\":2,\"name\":\"Semana do Meio Ambiente come\u00e7a em Resende\"}]},{\"@type\":\"WebSite\",\"@id\":\"https:\\\/\\\/jornalbeirario.com.br\\\/portal\\\/#website\",\"url\":\"https:\\\/\\\/jornalbeirario.com.br\\\/portal\\\/\",\"name\":\"JORNAL BEIRA RIO\",\"description\":\"\",\"publisher\":{\"@id\":\"https:\\\/\\\/jornalbeirario.com.br\\\/portal\\\/#organization\"},\"potentialAction\":[{\"@type\":\"SearchAction\",\"target\":{\"@type\":\"EntryPoint\",\"urlTemplate\":\"https:\\\/\\\/jornalbeirario.com.br\\\/portal\\\/?s={search_term_string}\"},\"query-input\":{\"@type\":\"PropertyValueSpecification\",\"valueRequired\":true,\"valueName\":\"search_term_string\"}}],\"inLanguage\":\"pt-BR\"},{\"@type\":\"Organization\",\"@id\":\"https:\\\/\\\/jornalbeirario.com.br\\\/portal\\\/#organization\",\"name\":\"JORNAL BEIRA RIO\",\"url\":\"https:\\\/\\\/jornalbeirario.com.br\\\/portal\\\/\",\"logo\":{\"@type\":\"ImageObject\",\"inLanguage\":\"pt-BR\",\"@id\":\"https:\\\/\\\/jornalbeirario.com.br\\\/portal\\\/#\\\/schema\\\/logo\\\/image\\\/\",\"url\":\"https:\\\/\\\/jornalbeirario.com.br\\\/portal\\\/wp-content\\\/uploads\\\/2017\\\/09\\\/BEIRA-RIO_logo600.png\",\"contentUrl\":\"https:\\\/\\\/jornalbeirario.com.br\\\/portal\\\/wp-content\\\/uploads\\\/2017\\\/09\\\/BEIRA-RIO_logo600.png\",\"width\":650,\"height\":108,\"caption\":\"JORNAL BEIRA RIO\"},\"image\":{\"@id\":\"https:\\\/\\\/jornalbeirario.com.br\\\/portal\\\/#\\\/schema\\\/logo\\\/image\\\/\"}},{\"@type\":\"Person\",\"@id\":\"https:\\\/\\\/jornalbeirario.com.br\\\/portal\\\/#\\\/schema\\\/person\\\/c6c423e4c2465d2a9233f6539173e7c1\",\"name\":\"Jornal BEIRA-RIO\",\"image\":{\"@type\":\"ImageObject\",\"inLanguage\":\"pt-BR\",\"@id\":\"https:\\\/\\\/jornalbeirario.com.br\\\/portal\\\/wp-content\\\/uploads\\\/2023\\\/10\\\/logojbr1.jpg\",\"url\":\"https:\\\/\\\/jornalbeirario.com.br\\\/portal\\\/wp-content\\\/uploads\\\/2023\\\/10\\\/logojbr1.jpg\",\"contentUrl\":\"https:\\\/\\\/jornalbeirario.com.br\\\/portal\\\/wp-content\\\/uploads\\\/2023\\\/10\\\/logojbr1.jpg\",\"caption\":\"Jornal BEIRA-RIO\"},\"url\":\"https:\\\/\\\/jornalbeirario.com.br\\\/portal\\\/?author=1\"}]}<\/script>\n<!-- \/ Yoast SEO plugin. -->","yoast_head_json":{"title":"Semana do Meio Ambiente come\u00e7a em Resende - JORNAL BEIRA RIO","robots":{"index":"index","follow":"follow","max-snippet":"max-snippet:-1","max-image-preview":"max-image-preview:large","max-video-preview":"max-video-preview:-1"},"canonical":"https:\/\/jornalbeirario.com.br\/portal\/?p=10304","og_locale":"pt_BR","og_type":"article","og_title":"Semana do Meio Ambiente come\u00e7a em Resende - JORNAL BEIRA RIO","og_description":"A Ag\u00eancia do Meio Ambiente (Amar), em parceria com a Nissan do Brasil, realiza mais uma edi\u00e7\u00e3o da Semana do Meio Ambiente. O evento,","og_url":"https:\/\/jornalbeirario.com.br\/portal\/?p=10304","og_site_name":"JORNAL BEIRA RIO","article_published_time":"2013-06-03T15:36:48+00:00","og_image":[{"width":640,"height":425,"url":"https:\/\/jornalbeirario.com.br\/portal\/wp-content\/uploads\/2013\/06\/mudas.jpg","type":"image\/jpeg"}],"author":"Jornal BEIRA-RIO","twitter_card":"summary_large_image","twitter_misc":{"Escrito por":"Jornal BEIRA-RIO","Est. tempo de leitura":"2 minutos"},"schema":{"@context":"https:\/\/schema.org","@graph":[{"@type":"Article","@id":"https:\/\/jornalbeirario.com.br\/portal\/?p=10304#article","isPartOf":{"@id":"https:\/\/jornalbeirario.com.br\/portal\/?p=10304"},"author":{"name":"Jornal BEIRA-RIO","@id":"https:\/\/jornalbeirario.com.br\/portal\/#\/schema\/person\/c6c423e4c2465d2a9233f6539173e7c1"},"headline":"Semana do Meio Ambiente come\u00e7a em Resende","datePublished":"2013-06-03T15:36:48+00:00","mainEntityOfPage":{"@id":"https:\/\/jornalbeirario.com.br\/portal\/?p=10304"},"wordCount":403,"commentCount":1,"publisher":{"@id":"https:\/\/jornalbeirario.com.br\/portal\/#organization"},"image":{"@id":"https:\/\/jornalbeirario.com.br\/portal\/?p=10304#primaryimage"},"thumbnailUrl":"https:\/\/jornalbeirario.com.br\/portal\/wp-content\/uploads\/2013\/06\/mudas.jpg","keywords":["dehoraemhora"],"articleSection":["Meio Ambiente"],"inLanguage":"pt-BR","potentialAction":[{"@type":"CommentAction","name":"Comment","target":["https:\/\/jornalbeirario.com.br\/portal\/?p=10304#respond"]}]},{"@type":"WebPage","@id":"https:\/\/jornalbeirario.com.br\/portal\/?p=10304","url":"https:\/\/jornalbeirario.com.br\/portal\/?p=10304","name":"Semana do Meio Ambiente come\u00e7a em Resende - JORNAL BEIRA RIO","isPartOf":{"@id":"https:\/\/jornalbeirario.com.br\/portal\/#website"},"primaryImageOfPage":{"@id":"https:\/\/jornalbeirario.com.br\/portal\/?p=10304#primaryimage"},"image":{"@id":"https:\/\/jornalbeirario.com.br\/portal\/?p=10304#primaryimage"},"thumbnailUrl":"https:\/\/jornalbeirario.com.br\/portal\/wp-content\/uploads\/2013\/06\/mudas.jpg","datePublished":"2013-06-03T15:36:48+00:00","breadcrumb":{"@id":"https:\/\/jornalbeirario.com.br\/portal\/?p=10304#breadcrumb"},"inLanguage":"pt-BR","potentialAction":[{"@type":"ReadAction","target":["https:\/\/jornalbeirario.com.br\/portal\/?p=10304"]}]},{"@type":"ImageObject","inLanguage":"pt-BR","@id":"https:\/\/jornalbeirario.com.br\/portal\/?p=10304#primaryimage","url":"https:\/\/jornalbeirario.com.br\/portal\/wp-content\/uploads\/2013\/06\/mudas.jpg","contentUrl":"https:\/\/jornalbeirario.com.br\/portal\/wp-content\/uploads\/2013\/06\/mudas.jpg","width":"640","height":"425"},{"@type":"BreadcrumbList","@id":"https:\/\/jornalbeirario.com.br\/portal\/?p=10304#breadcrumb","itemListElement":[{"@type":"ListItem","position":1,"name":"Home","item":"https:\/\/jornalbeirario.com.br\/portal"},{"@type":"ListItem","position":2,"name":"Semana do Meio Ambiente come\u00e7a em Resende"}]},{"@type":"WebSite","@id":"https:\/\/jornalbeirario.com.br\/portal\/#website","url":"https:\/\/jornalbeirario.com.br\/portal\/","name":"JORNAL BEIRA RIO","description":"","publisher":{"@id":"https:\/\/jornalbeirario.com.br\/portal\/#organization"},"potentialAction":[{"@type":"SearchAction","target":{"@type":"EntryPoint","urlTemplate":"https:\/\/jornalbeirario.com.br\/portal\/?s={search_term_string}"},"query-input":{"@type":"PropertyValueSpecification","valueRequired":true,"valueName":"search_term_string"}}],"inLanguage":"pt-BR"},{"@type":"Organization","@id":"https:\/\/jornalbeirario.com.br\/portal\/#organization","name":"JORNAL BEIRA RIO","url":"https:\/\/jornalbeirario.com.br\/portal\/","logo":{"@type":"ImageObject","inLanguage":"pt-BR","@id":"https:\/\/jornalbeirario.com.br\/portal\/#\/schema\/logo\/image\/","url":"https:\/\/jornalbeirario.com.br\/portal\/wp-content\/uploads\/2017\/09\/BEIRA-RIO_logo600.png","contentUrl":"https:\/\/jornalbeirario.com.br\/portal\/wp-content\/uploads\/2017\/09\/BEIRA-RIO_logo600.png","width":650,"height":108,"caption":"JORNAL BEIRA RIO"},"image":{"@id":"https:\/\/jornalbeirario.com.br\/portal\/#\/schema\/logo\/image\/"}},{"@type":"Person","@id":"https:\/\/jornalbeirario.com.br\/portal\/#\/schema\/person\/c6c423e4c2465d2a9233f6539173e7c1","name":"Jornal BEIRA-RIO","image":{"@type":"ImageObject","inLanguage":"pt-BR","@id":"https:\/\/jornalbeirario.com.br\/portal\/wp-content\/uploads\/2023\/10\/logojbr1.jpg","url":"https:\/\/jornalbeirario.com.br\/portal\/wp-content\/uploads\/2023\/10\/logojbr1.jpg","contentUrl":"https:\/\/jornalbeirario.com.br\/portal\/wp-content\/uploads\/2023\/10\/logojbr1.jpg","caption":"Jornal BEIRA-RIO"},"url":"https:\/\/jornalbeirario.com.br\/portal\/?author=1"}]}},"_links":{"self":[{"href":"https:\/\/jornalbeirario.com.br\/portal\/index.php?rest_route=\/wp\/v2\/posts\/10304","targetHints":{"allow":["GET"]}}],"collection":[{"href":"https:\/\/jornalbeirario.com.br\/portal\/index.php?rest_route=\/wp\/v2\/posts"}],"about":[{"href":"https:\/\/jornalbeirario.com.br\/portal\/index.php?rest_route=\/wp\/v2\/types\/post"}],"author":[{"embeddable":true,"href":"https:\/\/jornalbeirario.com.br\/portal\/index.php?rest_route=\/wp\/v2\/users\/1"}],"replies":[{"embeddable":true,"href":"https:\/\/jornalbeirario.com.br\/portal\/index.php?rest_route=%2Fwp%2Fv2%2Fcomments&post=10304"}],"version-history":[{"count":3,"href":"https:\/\/jornalbeirario.com.br\/portal\/index.php?rest_route=\/wp\/v2\/posts\/10304\/revisions"}],"predecessor-version":[{"id":10308,"href":"https:\/\/jornalbeirario.com.br\/portal\/index.php?rest_route=\/wp\/v2\/posts\/10304\/revisions\/10308"}],"wp:featuredmedia":[{"embeddable":true,"href":"https:\/\/jornalbeirario.com.br\/portal\/index.php?rest_route=\/wp\/v2\/media\/10305"}],"wp:attachment":[{"href":"https:\/\/jornalbeirario.com.br\/portal\/index.php?rest_route=%2Fwp%2Fv2%2Fmedia&parent=10304"}],"wp:term":[{"taxonomy":"category","embeddable":true,"href":"https:\/\/jornalbeirario.com.br\/portal\/index.php?rest_route=%2Fwp%2Fv2%2Fcategories&post=10304"},{"taxonomy":"post_tag","embeddable":true,"href":"https:\/\/jornalbeirario.com.br\/portal\/index.php?rest_route=%2Fwp%2Fv2%2Ftags&post=10304"}],"curies":[{"name":"wp","href":"https:\/\/api.w.org\/{rel}","templated":true}]}}