
{"id":10195,"date":"2013-05-31T15:38:14","date_gmt":"2013-05-31T15:38:14","guid":{"rendered":"http:\/\/jornalbeirario.com.br\/portal\/portal\/?p=10195"},"modified":"2013-05-31T15:38:14","modified_gmt":"2013-05-31T15:38:14","slug":"gate-visita-lagoa-da-turfeira","status":"publish","type":"post","link":"https:\/\/jornalbeirario.com.br\/portal\/?p=10195","title":{"rendered":"Gate visita Lagoa da Turfeira"},"content":{"rendered":"<p><a href=\"https:\/\/jornalbeirario.com.br\/portal\/wp-content\/uploads\/2012\/11\/turfeira640.jpg\"><img loading=\"lazy\" decoding=\"async\" class=\"alignleft size-medium wp-image-1894\" title=\"turfeira640\" src=\"https:\/\/jornalbeirario.com.br\/portal\/wp-content\/uploads\/2012\/11\/turfeira640-300x225.jpg\" alt=\"\" width=\"300\" height=\"225\" srcset=\"https:\/\/jornalbeirario.com.br\/portal\/wp-content\/uploads\/2012\/11\/turfeira640-300x225.jpg 300w, https:\/\/jornalbeirario.com.br\/portal\/wp-content\/uploads\/2012\/11\/turfeira640.jpg 640w\" sizes=\"auto, (max-width: 300px) 100vw, 300px\" \/><\/a>Na pr\u00f3xima ter\u00e7a-feira, dia 4, o Grupo de Apoio T\u00e9cnico Especializado de Bras\u00edlia (Gate) estar\u00e1 na regi\u00e3o onde se localiza a Lagoa da Turfeira, em Resende. A visita \u00e9 uma das etapas de apura\u00e7\u00e3o do crime ambiental denunciado ano passado, feita pelo Minist\u00e9rio P\u00fablico Federal (MPF), relacionada \u00e0s obras de terraplanagem para a constru\u00e7\u00e3o da montadora japonesa Nissan. No mesmo dia, os membros do Gate estar\u00e3o fazendo uma reuni\u00e3o sobre o assunto.<\/p>\n<p>As den\u00fancias come\u00e7aram em abril do ano passado, quando o bi\u00f3logo Luciano Lima, que estudou as esp\u00e9cies de aves existentes na \u00e1rea 10 anos antes da vinda da f\u00e1brica, relatou ao jornal <strong>BEIRA-RIO<\/strong> &#8220;que foi alertado sobre a movimenta\u00e7\u00e3o intensa de caminh\u00f5es e tratores nas redondezas&#8221;. A partir desse epis\u00f3dio, houve uma mobiliza\u00e7\u00e3o de parte da popula\u00e7\u00e3o, pedindo provid\u00eancias do governo e de outros \u00f3rg\u00e3os competentes, na tentativa de recuperar o espelho d&#8217;\u00e1gua da lagoa, dando tamb\u00e9m origem ao movimento SOS Turfeira.<\/p>\n<p>Dias depois (dia 25 de abril do ano passado), o prefeito Jos\u00e9 Rechuan (PP) solicitou a presen\u00e7a em Resende de agentes do Inea para fiscalizar a redu\u00e7\u00e3o do espelho d&#8217;\u00e1gua e tamb\u00e9m pediu o comparecimento na cidade de representantes da Companhia de Desenvolvimento Industrial do Estado do Rio de Janeiro (Codin), institui\u00e7\u00e3o respons\u00e1vel pela \u00e1rea onde a lagoa est\u00e1 situada.<\/p>\n<p>Em maio, no dia 22, membros do Conselho de Meio Ambiente de Resende (Comar) tamb\u00e9m estiveram na lagoa acompanhados do ex-presidente da Ag\u00eancia de Meio Ambiente de Resende (Amar), Paulo Fontanezzi, e tamb\u00e9m do secret\u00e1rio de Obras, Rubens Almada, tamb\u00e9m membro do Conselho. Durante todo o momento, Fontanezzi salientou que n\u00e3o havia dano ambiental, atitude questionada por alguns membros e pela popula\u00e7\u00e3o.<\/p>\n<p>No final do m\u00eas, o MPF de Resende publicou a Portaria de n\u00ba 87\/2012, assinada pela procuradora Izabella Marinho Brant, que determina a instaura\u00e7\u00e3o de um Inqu\u00e9rito Civil P\u00fablico para verificar a regularidade do licenciamento ambiental, al\u00e9m de identificar e obter a repara\u00e7\u00e3o de eventuais danos ambientais ocorridos na Lagoa da Turfeira e seu entorno.<\/p>\n<p>Neste ano, quase um ano ap\u00f3s as den\u00fancias, a Nissan &#8211; representada por um engenheiro &#8211; pouco esclareceu e n\u00e3o apresentou um estudo sobre o impacto ambiental em reuni\u00e3o com o Comar. Al\u00e9m disso, o engenheiro da montadora, Carlos Montanheiro, teria desqualificado o movimento SOS Turfeira citando que \u201calgu\u00e9m foi l\u00e1 tirou uma foto, botou no jornal e disse que a Nissan estava aterrando a lagoa\u201d. Membros do conselho questionaram tal atitude por\u00a0 parte da empresa e exigiram mais transpar\u00eancia.<\/p>\n<p>Nas \u00faltimas semanas, o inqu\u00e9rito aberto pela MPF ainda aguardava um parecer da 4\u00aa C\u00e2mara T\u00e9cnica de Meio Ambiente para que o \u00f3rg\u00e3o apresente um Termo de Ajustamento de Conduta (TAC) \u00e0 montadora. Membros do Comit\u00ea pela Transpar\u00eancia e Controle Social de Resende (ComSocial) solicitaram \u00e0 Nissan a entrega ao Comar e \u00e0 popula\u00e7\u00e3o de Resende, o mais r\u00e1pido poss\u00edvel, o relat\u00f3rio com os primeiros estudos sobre a recupera\u00e7\u00e3o da \u00e1rea, mas o fato vem sendo tratado com descaso.<\/p>\n<p><em>Fotos: Arquivo<\/em><\/p>\n","protected":false},"excerpt":{"rendered":"<p>Na pr\u00f3xima ter\u00e7a-feira, dia 4, o Grupo de Apoio T\u00e9cnico Especializado de Bras\u00edlia (Gate) estar\u00e1 na regi\u00e3o onde se localiza a Lagoa da Turfeira,<\/p>\n","protected":false},"author":1,"featured_media":2064,"comment_status":"open","ping_status":"open","sticky":false,"template":"","format":"standard","meta":{"pmpro_default_level":"","footnotes":""},"categories":[27],"tags":[155,153],"class_list":["post-10195","post","type-post","status-publish","format-standard","has-post-thumbnail","hentry","category-meioambiente","tag-dehoraemhora","tag-manchete","pmpro-has-access"],"yoast_head":"<!-- This site is optimized with the Yoast SEO plugin v27.4 - https:\/\/yoast.com\/product\/yoast-seo-wordpress\/ -->\n<title>Gate visita Lagoa da Turfeira - JORNAL BEIRA RIO<\/title>\n<meta name=\"robots\" content=\"index, follow, max-snippet:-1, max-image-preview:large, max-video-preview:-1\" \/>\n<link rel=\"canonical\" href=\"https:\/\/jornalbeirario.com.br\/portal\/?p=10195\" \/>\n<meta property=\"og:locale\" content=\"pt_BR\" \/>\n<meta property=\"og:type\" content=\"article\" \/>\n<meta property=\"og:title\" content=\"Gate visita Lagoa da Turfeira - JORNAL BEIRA RIO\" \/>\n<meta property=\"og:description\" content=\"Na pr\u00f3xima ter\u00e7a-feira, dia 4, o Grupo de Apoio T\u00e9cnico Especializado de Bras\u00edlia (Gate) estar\u00e1 na regi\u00e3o onde se localiza a Lagoa da Turfeira,\" \/>\n<meta property=\"og:url\" content=\"https:\/\/jornalbeirario.com.br\/portal\/?p=10195\" \/>\n<meta property=\"og:site_name\" content=\"JORNAL BEIRA RIO\" \/>\n<meta property=\"article:published_time\" content=\"2013-05-31T15:38:14+00:00\" \/>\n<meta property=\"og:image\" content=\"https:\/\/jornalbeirario.com.br\/portal\/wp-content\/uploads\/2012\/11\/turfeira9301.jpg\" \/>\n\t<meta property=\"og:image:width\" content=\"930\" \/>\n\t<meta property=\"og:image:height\" content=\"350\" \/>\n\t<meta property=\"og:image:type\" content=\"image\/jpeg\" \/>\n<meta name=\"author\" content=\"Jornal BEIRA-RIO\" \/>\n<meta name=\"twitter:card\" content=\"summary_large_image\" \/>\n<meta name=\"twitter:label1\" content=\"Escrito por\" \/>\n\t<meta name=\"twitter:data1\" content=\"Jornal BEIRA-RIO\" \/>\n\t<meta name=\"twitter:label2\" content=\"Est. tempo de leitura\" \/>\n\t<meta name=\"twitter:data2\" content=\"3 minutos\" \/>\n<script type=\"application\/ld+json\" class=\"yoast-schema-graph\">{\"@context\":\"https:\\\/\\\/schema.org\",\"@graph\":[{\"@type\":\"Article\",\"@id\":\"https:\\\/\\\/jornalbeirario.com.br\\\/portal\\\/?p=10195#article\",\"isPartOf\":{\"@id\":\"https:\\\/\\\/jornalbeirario.com.br\\\/portal\\\/?p=10195\"},\"author\":{\"name\":\"Jornal BEIRA-RIO\",\"@id\":\"https:\\\/\\\/jornalbeirario.com.br\\\/portal\\\/#\\\/schema\\\/person\\\/c6c423e4c2465d2a9233f6539173e7c1\"},\"headline\":\"Gate visita Lagoa da Turfeira\",\"datePublished\":\"2013-05-31T15:38:14+00:00\",\"mainEntityOfPage\":{\"@id\":\"https:\\\/\\\/jornalbeirario.com.br\\\/portal\\\/?p=10195\"},\"wordCount\":548,\"commentCount\":0,\"publisher\":{\"@id\":\"https:\\\/\\\/jornalbeirario.com.br\\\/portal\\\/#organization\"},\"image\":{\"@id\":\"https:\\\/\\\/jornalbeirario.com.br\\\/portal\\\/?p=10195#primaryimage\"},\"thumbnailUrl\":\"https:\\\/\\\/jornalbeirario.com.br\\\/portal\\\/wp-content\\\/uploads\\\/2012\\\/11\\\/turfeira9301.jpg\",\"keywords\":[\"dehoraemhora\",\"manchete\"],\"articleSection\":[\"Meio Ambiente\"],\"inLanguage\":\"pt-BR\",\"potentialAction\":[{\"@type\":\"CommentAction\",\"name\":\"Comment\",\"target\":[\"https:\\\/\\\/jornalbeirario.com.br\\\/portal\\\/?p=10195#respond\"]}]},{\"@type\":\"WebPage\",\"@id\":\"https:\\\/\\\/jornalbeirario.com.br\\\/portal\\\/?p=10195\",\"url\":\"https:\\\/\\\/jornalbeirario.com.br\\\/portal\\\/?p=10195\",\"name\":\"Gate visita Lagoa da Turfeira - JORNAL BEIRA RIO\",\"isPartOf\":{\"@id\":\"https:\\\/\\\/jornalbeirario.com.br\\\/portal\\\/#website\"},\"primaryImageOfPage\":{\"@id\":\"https:\\\/\\\/jornalbeirario.com.br\\\/portal\\\/?p=10195#primaryimage\"},\"image\":{\"@id\":\"https:\\\/\\\/jornalbeirario.com.br\\\/portal\\\/?p=10195#primaryimage\"},\"thumbnailUrl\":\"https:\\\/\\\/jornalbeirario.com.br\\\/portal\\\/wp-content\\\/uploads\\\/2012\\\/11\\\/turfeira9301.jpg\",\"datePublished\":\"2013-05-31T15:38:14+00:00\",\"breadcrumb\":{\"@id\":\"https:\\\/\\\/jornalbeirario.com.br\\\/portal\\\/?p=10195#breadcrumb\"},\"inLanguage\":\"pt-BR\",\"potentialAction\":[{\"@type\":\"ReadAction\",\"target\":[\"https:\\\/\\\/jornalbeirario.com.br\\\/portal\\\/?p=10195\"]}]},{\"@type\":\"ImageObject\",\"inLanguage\":\"pt-BR\",\"@id\":\"https:\\\/\\\/jornalbeirario.com.br\\\/portal\\\/?p=10195#primaryimage\",\"url\":\"https:\\\/\\\/jornalbeirario.com.br\\\/portal\\\/wp-content\\\/uploads\\\/2012\\\/11\\\/turfeira9301.jpg\",\"contentUrl\":\"https:\\\/\\\/jornalbeirario.com.br\\\/portal\\\/wp-content\\\/uploads\\\/2012\\\/11\\\/turfeira9301.jpg\",\"width\":\"930\",\"height\":\"350\"},{\"@type\":\"BreadcrumbList\",\"@id\":\"https:\\\/\\\/jornalbeirario.com.br\\\/portal\\\/?p=10195#breadcrumb\",\"itemListElement\":[{\"@type\":\"ListItem\",\"position\":1,\"name\":\"Home\",\"item\":\"https:\\\/\\\/jornalbeirario.com.br\\\/portal\"},{\"@type\":\"ListItem\",\"position\":2,\"name\":\"Gate visita Lagoa da Turfeira\"}]},{\"@type\":\"WebSite\",\"@id\":\"https:\\\/\\\/jornalbeirario.com.br\\\/portal\\\/#website\",\"url\":\"https:\\\/\\\/jornalbeirario.com.br\\\/portal\\\/\",\"name\":\"JORNAL BEIRA RIO\",\"description\":\"\",\"publisher\":{\"@id\":\"https:\\\/\\\/jornalbeirario.com.br\\\/portal\\\/#organization\"},\"potentialAction\":[{\"@type\":\"SearchAction\",\"target\":{\"@type\":\"EntryPoint\",\"urlTemplate\":\"https:\\\/\\\/jornalbeirario.com.br\\\/portal\\\/?s={search_term_string}\"},\"query-input\":{\"@type\":\"PropertyValueSpecification\",\"valueRequired\":true,\"valueName\":\"search_term_string\"}}],\"inLanguage\":\"pt-BR\"},{\"@type\":\"Organization\",\"@id\":\"https:\\\/\\\/jornalbeirario.com.br\\\/portal\\\/#organization\",\"name\":\"JORNAL BEIRA RIO\",\"url\":\"https:\\\/\\\/jornalbeirario.com.br\\\/portal\\\/\",\"logo\":{\"@type\":\"ImageObject\",\"inLanguage\":\"pt-BR\",\"@id\":\"https:\\\/\\\/jornalbeirario.com.br\\\/portal\\\/#\\\/schema\\\/logo\\\/image\\\/\",\"url\":\"https:\\\/\\\/jornalbeirario.com.br\\\/portal\\\/wp-content\\\/uploads\\\/2017\\\/09\\\/BEIRA-RIO_logo600.png\",\"contentUrl\":\"https:\\\/\\\/jornalbeirario.com.br\\\/portal\\\/wp-content\\\/uploads\\\/2017\\\/09\\\/BEIRA-RIO_logo600.png\",\"width\":650,\"height\":108,\"caption\":\"JORNAL BEIRA RIO\"},\"image\":{\"@id\":\"https:\\\/\\\/jornalbeirario.com.br\\\/portal\\\/#\\\/schema\\\/logo\\\/image\\\/\"}},{\"@type\":\"Person\",\"@id\":\"https:\\\/\\\/jornalbeirario.com.br\\\/portal\\\/#\\\/schema\\\/person\\\/c6c423e4c2465d2a9233f6539173e7c1\",\"name\":\"Jornal BEIRA-RIO\",\"image\":{\"@type\":\"ImageObject\",\"inLanguage\":\"pt-BR\",\"@id\":\"https:\\\/\\\/jornalbeirario.com.br\\\/portal\\\/wp-content\\\/uploads\\\/2023\\\/10\\\/logojbr1.jpg\",\"url\":\"https:\\\/\\\/jornalbeirario.com.br\\\/portal\\\/wp-content\\\/uploads\\\/2023\\\/10\\\/logojbr1.jpg\",\"contentUrl\":\"https:\\\/\\\/jornalbeirario.com.br\\\/portal\\\/wp-content\\\/uploads\\\/2023\\\/10\\\/logojbr1.jpg\",\"caption\":\"Jornal BEIRA-RIO\"},\"url\":\"https:\\\/\\\/jornalbeirario.com.br\\\/portal\\\/?author=1\"}]}<\/script>\n<!-- \/ Yoast SEO plugin. -->","yoast_head_json":{"title":"Gate visita Lagoa da Turfeira - JORNAL BEIRA RIO","robots":{"index":"index","follow":"follow","max-snippet":"max-snippet:-1","max-image-preview":"max-image-preview:large","max-video-preview":"max-video-preview:-1"},"canonical":"https:\/\/jornalbeirario.com.br\/portal\/?p=10195","og_locale":"pt_BR","og_type":"article","og_title":"Gate visita Lagoa da Turfeira - JORNAL BEIRA RIO","og_description":"Na pr\u00f3xima ter\u00e7a-feira, dia 4, o Grupo de Apoio T\u00e9cnico Especializado de Bras\u00edlia (Gate) estar\u00e1 na regi\u00e3o onde se localiza a Lagoa da Turfeira,","og_url":"https:\/\/jornalbeirario.com.br\/portal\/?p=10195","og_site_name":"JORNAL BEIRA RIO","article_published_time":"2013-05-31T15:38:14+00:00","og_image":[{"width":930,"height":350,"url":"https:\/\/jornalbeirario.com.br\/portal\/wp-content\/uploads\/2012\/11\/turfeira9301.jpg","type":"image\/jpeg"}],"author":"Jornal BEIRA-RIO","twitter_card":"summary_large_image","twitter_misc":{"Escrito por":"Jornal BEIRA-RIO","Est. tempo de leitura":"3 minutos"},"schema":{"@context":"https:\/\/schema.org","@graph":[{"@type":"Article","@id":"https:\/\/jornalbeirario.com.br\/portal\/?p=10195#article","isPartOf":{"@id":"https:\/\/jornalbeirario.com.br\/portal\/?p=10195"},"author":{"name":"Jornal BEIRA-RIO","@id":"https:\/\/jornalbeirario.com.br\/portal\/#\/schema\/person\/c6c423e4c2465d2a9233f6539173e7c1"},"headline":"Gate visita Lagoa da Turfeira","datePublished":"2013-05-31T15:38:14+00:00","mainEntityOfPage":{"@id":"https:\/\/jornalbeirario.com.br\/portal\/?p=10195"},"wordCount":548,"commentCount":0,"publisher":{"@id":"https:\/\/jornalbeirario.com.br\/portal\/#organization"},"image":{"@id":"https:\/\/jornalbeirario.com.br\/portal\/?p=10195#primaryimage"},"thumbnailUrl":"https:\/\/jornalbeirario.com.br\/portal\/wp-content\/uploads\/2012\/11\/turfeira9301.jpg","keywords":["dehoraemhora","manchete"],"articleSection":["Meio Ambiente"],"inLanguage":"pt-BR","potentialAction":[{"@type":"CommentAction","name":"Comment","target":["https:\/\/jornalbeirario.com.br\/portal\/?p=10195#respond"]}]},{"@type":"WebPage","@id":"https:\/\/jornalbeirario.com.br\/portal\/?p=10195","url":"https:\/\/jornalbeirario.com.br\/portal\/?p=10195","name":"Gate visita Lagoa da Turfeira - JORNAL BEIRA RIO","isPartOf":{"@id":"https:\/\/jornalbeirario.com.br\/portal\/#website"},"primaryImageOfPage":{"@id":"https:\/\/jornalbeirario.com.br\/portal\/?p=10195#primaryimage"},"image":{"@id":"https:\/\/jornalbeirario.com.br\/portal\/?p=10195#primaryimage"},"thumbnailUrl":"https:\/\/jornalbeirario.com.br\/portal\/wp-content\/uploads\/2012\/11\/turfeira9301.jpg","datePublished":"2013-05-31T15:38:14+00:00","breadcrumb":{"@id":"https:\/\/jornalbeirario.com.br\/portal\/?p=10195#breadcrumb"},"inLanguage":"pt-BR","potentialAction":[{"@type":"ReadAction","target":["https:\/\/jornalbeirario.com.br\/portal\/?p=10195"]}]},{"@type":"ImageObject","inLanguage":"pt-BR","@id":"https:\/\/jornalbeirario.com.br\/portal\/?p=10195#primaryimage","url":"https:\/\/jornalbeirario.com.br\/portal\/wp-content\/uploads\/2012\/11\/turfeira9301.jpg","contentUrl":"https:\/\/jornalbeirario.com.br\/portal\/wp-content\/uploads\/2012\/11\/turfeira9301.jpg","width":"930","height":"350"},{"@type":"BreadcrumbList","@id":"https:\/\/jornalbeirario.com.br\/portal\/?p=10195#breadcrumb","itemListElement":[{"@type":"ListItem","position":1,"name":"Home","item":"https:\/\/jornalbeirario.com.br\/portal"},{"@type":"ListItem","position":2,"name":"Gate visita Lagoa da Turfeira"}]},{"@type":"WebSite","@id":"https:\/\/jornalbeirario.com.br\/portal\/#website","url":"https:\/\/jornalbeirario.com.br\/portal\/","name":"JORNAL BEIRA RIO","description":"","publisher":{"@id":"https:\/\/jornalbeirario.com.br\/portal\/#organization"},"potentialAction":[{"@type":"SearchAction","target":{"@type":"EntryPoint","urlTemplate":"https:\/\/jornalbeirario.com.br\/portal\/?s={search_term_string}"},"query-input":{"@type":"PropertyValueSpecification","valueRequired":true,"valueName":"search_term_string"}}],"inLanguage":"pt-BR"},{"@type":"Organization","@id":"https:\/\/jornalbeirario.com.br\/portal\/#organization","name":"JORNAL BEIRA RIO","url":"https:\/\/jornalbeirario.com.br\/portal\/","logo":{"@type":"ImageObject","inLanguage":"pt-BR","@id":"https:\/\/jornalbeirario.com.br\/portal\/#\/schema\/logo\/image\/","url":"https:\/\/jornalbeirario.com.br\/portal\/wp-content\/uploads\/2017\/09\/BEIRA-RIO_logo600.png","contentUrl":"https:\/\/jornalbeirario.com.br\/portal\/wp-content\/uploads\/2017\/09\/BEIRA-RIO_logo600.png","width":650,"height":108,"caption":"JORNAL BEIRA RIO"},"image":{"@id":"https:\/\/jornalbeirario.com.br\/portal\/#\/schema\/logo\/image\/"}},{"@type":"Person","@id":"https:\/\/jornalbeirario.com.br\/portal\/#\/schema\/person\/c6c423e4c2465d2a9233f6539173e7c1","name":"Jornal BEIRA-RIO","image":{"@type":"ImageObject","inLanguage":"pt-BR","@id":"https:\/\/jornalbeirario.com.br\/portal\/wp-content\/uploads\/2023\/10\/logojbr1.jpg","url":"https:\/\/jornalbeirario.com.br\/portal\/wp-content\/uploads\/2023\/10\/logojbr1.jpg","contentUrl":"https:\/\/jornalbeirario.com.br\/portal\/wp-content\/uploads\/2023\/10\/logojbr1.jpg","caption":"Jornal BEIRA-RIO"},"url":"https:\/\/jornalbeirario.com.br\/portal\/?author=1"}]}},"_links":{"self":[{"href":"https:\/\/jornalbeirario.com.br\/portal\/index.php?rest_route=\/wp\/v2\/posts\/10195","targetHints":{"allow":["GET"]}}],"collection":[{"href":"https:\/\/jornalbeirario.com.br\/portal\/index.php?rest_route=\/wp\/v2\/posts"}],"about":[{"href":"https:\/\/jornalbeirario.com.br\/portal\/index.php?rest_route=\/wp\/v2\/types\/post"}],"author":[{"embeddable":true,"href":"https:\/\/jornalbeirario.com.br\/portal\/index.php?rest_route=\/wp\/v2\/users\/1"}],"replies":[{"embeddable":true,"href":"https:\/\/jornalbeirario.com.br\/portal\/index.php?rest_route=%2Fwp%2Fv2%2Fcomments&post=10195"}],"version-history":[{"count":15,"href":"https:\/\/jornalbeirario.com.br\/portal\/index.php?rest_route=\/wp\/v2\/posts\/10195\/revisions"}],"predecessor-version":[{"id":10210,"href":"https:\/\/jornalbeirario.com.br\/portal\/index.php?rest_route=\/wp\/v2\/posts\/10195\/revisions\/10210"}],"wp:featuredmedia":[{"embeddable":true,"href":"https:\/\/jornalbeirario.com.br\/portal\/index.php?rest_route=\/wp\/v2\/media\/2064"}],"wp:attachment":[{"href":"https:\/\/jornalbeirario.com.br\/portal\/index.php?rest_route=%2Fwp%2Fv2%2Fmedia&parent=10195"}],"wp:term":[{"taxonomy":"category","embeddable":true,"href":"https:\/\/jornalbeirario.com.br\/portal\/index.php?rest_route=%2Fwp%2Fv2%2Fcategories&post=10195"},{"taxonomy":"post_tag","embeddable":true,"href":"https:\/\/jornalbeirario.com.br\/portal\/index.php?rest_route=%2Fwp%2Fv2%2Ftags&post=10195"}],"curies":[{"name":"wp","href":"https:\/\/api.w.org\/{rel}","templated":true}]}}