
{"id":10180,"date":"2013-05-31T13:19:52","date_gmt":"2013-05-31T13:19:52","guid":{"rendered":"http:\/\/jornalbeirario.com.br\/portal\/portal\/?p=10180"},"modified":"2013-05-31T13:19:52","modified_gmt":"2013-05-31T13:19:52","slug":"lais-amaral-18","status":"publish","type":"post","link":"https:\/\/jornalbeirario.com.br\/portal\/?p=10180","title":{"rendered":"La\u00eds Amaral"},"content":{"rendered":"<p><strong>A for\u00e7a da identidade: a festa italiana de Porto Real<\/strong><br \/>\nNeste final de semana, Sexta, S\u00e1bado e Domingo se realiza em Porto Real a 14\u00aa edi\u00e7\u00e3o da Festa da Cultura Italiana da cidade. \u00c9 certamente uma das festas que mais me encanta na regi\u00e3o. Aos novos moradores, que est\u00e3o chegando, \u00e9 bom saber que o tradicional evento objetiva difundir as tradi\u00e7\u00f5es dos colonos que aqui fundaram a primeira col\u00f4nia italiana do Brasil. Seus organizadores, diferente da maioria dos festeiros locais, resistem \u00e0 tenta\u00e7\u00e3o de transform\u00e1-la em mais uma festa de pe\u00e3o boiadeiro, embalada pela cansativa m\u00fasica \u201csertaneja\u201d, pelo funk e similares. As festas populares por aqui sofrem desse mal. A festa da col\u00f4nia italiana tem identidade. Pra n\u00e3o perder o fio da meada, anotem: a festa vai acontecer no Porto Real Country Clube com uma programa\u00e7\u00e3o especial para os cerca de 5 mil visitantes esperados nos tr\u00eas dias, com shows de cantores, bandas, dan\u00e7as, desfile. A abertura oficial da festividade ser\u00e1 nesta sexta-feira, 31, \u00e0s 19h30. A boa comida e a m\u00fasica italiana dar\u00e3o o tom da festa mais uma vez. Parab\u00e9ns ao pessoal da Associa\u00e7\u00e3o Vit\u00f3rio Emanuele II por manter viva a chama acesa pelas 51 fam\u00edlias que por aqui plantaram suas esperan\u00e7as h\u00e1 138 anos.<\/p>\n<p><strong>Semana do Meio Ambiente ter\u00e1 cinema, m\u00fasica, palestra e \u00f3timos etc<\/strong><br \/>\nDia 4, ter\u00e7a-feira da pr\u00f3xima semana, ser\u00e1 uma semana muito especial: a Semana do Meio Ambiente. Como vem acontecendo nos \u00faltimos anos, ser\u00e3o dias de conversas, troca de ideias e muita arte. J\u00e1 na ter\u00e7a-feira uma programa\u00e7\u00e3o sensacional de cinema que acontecer\u00e1 no audit\u00f3rio da C\u00e2mara Municipal com o tema \u2018Gest\u00e3o de Res\u00edduos S\u00f3lidos e Coleta Seletiva, Biodiversidade e Sustentabilidade\u2019. Os filmes s\u00e3o os seguintes: o document\u00e1rio \u2018Home: Nosso Planeta, Nossa Casa\u2019 (sess\u00e3o \u00e0s 8 horas); a com\u00e9dia premiada \u2018Saneamento B\u00e1sico\u2019 (sess\u00e3o \u00e0s 10 horas) e outro document\u00e1rio badalad\u00edssimo, o \u2018Lixo Extraordin\u00e1rio\u2019 (sess\u00e3o \u00e0s 14 horas). No dia 5, o cen\u00e1rio ser\u00e1 o Parque das \u00c1guas com atividades durante todo o dia entre os quais oficinas ambientais, exposi\u00e7\u00f5es, doa\u00e7\u00e3o de mudas e show musical com a cantora Malu Rocha. Dia 6 \u00e9 o dia da pr\u00e9-confer\u00eancia municipal do meio ambiente, na AEDB (Faculdades Don Bosco) \u00e0s 19 horas. No dia 7, visita orientada na Serrinha, sa\u00edda \u00e0s 8 horas do Parque das \u00c1guas. E finalizando no s\u00e1bado, dia 8, um mutir\u00e3o de limpeza e plantio de mudas da Mata Atl\u00e2ntica na margem do Rio Para\u00edba (lado do Parque) das 9 h \u00e0s 12h. Beleza!!<\/p>\n<p><strong>TRIPA<\/strong><br \/>\n* O \u2018boa pra\u00e7a\u2019 e competente Antonio Le\u00e3o foi a feliz escolha do prefeito Jos\u00e9 Rechuan para ocupar a titularidade da Secretaria Municipal de Turismo. Parab\u00e9ns ao Antonio Le\u00e3o e tenho certeza que Resende est\u00e1 bem servida na \u00e1rea * O fot\u00f3grafo resendense Bernardo Rodrigues ficou em terceiro lugar num concurso mundial de fotos promovido pela GroPo. A imagem premiada foi tirada durante um rafting no Rio Para\u00edbuna, em S\u00e3o Lu\u00eds do Paraitinga, cidade paulista que fica aqui perto da gente * Quem acaba de chegar de uma temporada em Portugal foi o meu parceiro de m\u00fasica, Guido de Castro. Gostou de muita coisa e n\u00e3o gostou do que ouviu: a m\u00fasica brasileira que anda tocando por l\u00e1, s\u00e3os as mesmas badaladas sertanejas que tocam por aqui. \u00c9 a maldita globaliza\u00e7\u00e3o meu amigo. As grandes gravadoras s\u00e3o todas grandes conglomerados transnacionais que espalham suas produ\u00e7\u00f5es baratas\u00a0 mundo a fora, n\u00e3o importando onde tenham sido criadas * Falando em secret\u00e1rio de turismo, Antonio, participou sexta passada da 1\u00aa assembleia do f\u00f3rum estadual de secretarias de turismo, no Clube Finl\u00e2ndia, em Penedo. Na ocasi\u00e3o o projeto de sinaliza\u00e7\u00e3o tur\u00edstica encaminhando pela secretaria municipal ao Estado, foi elogiado e j\u00e1 \u00e9 uma refer\u00eancia para todo o estado devido a qualidade de sua elabora\u00e7\u00e3o. Ponto para gente * S\u00e1bado passado Andr\u00e9 Whately, Thiago Zaidan, Luis Lima, Augusto Martins, Sanny Alves e Vivi Calaes em participa\u00e7\u00e3o especial, foram respons\u00e1veis por mais uma edi\u00e7\u00e3o do espet\u00e1culo \u201cVinicius de Moraes &#8230; \u00e9 demais!\u201d no Jazz Village Bistr\u00f4, em Penedo. As apresenta\u00e7\u00f5es acontecem mensalmente este ano por ocasi\u00e3o do centen\u00e1rio do poetinha. Mais uma vez, agradou em cheio * Aos meus amigos botafoguenses, uma preocupa\u00e7\u00e3o: esse nosso time n\u00e3o dura dois meses. Vai ser desmantelado logo-logo. Uma pena. O rem\u00e9dio vai ser torcer pelo \u2018Bar\u00e7a\u2019 de Messi e Neymar.<\/p>\n<p><strong>ANIVERS\u00c1RIOS<\/strong><br \/>\nMudou de idade nessa ter\u00e7a, dia 28, o meu \u2018chapa\u2019 Carlos Renke. Na quarta (29) inauguraram idade nova as amigas Roxane Alexandre e a Francisca Leone. No dia de Corpus Christi receberam os \u2018parab\u00e9ns\u2019 a Cida Prado, a Elizete Duarte e o Romar Henry. Nesta sexta (31) uma turma legal conta mais um ano de vida: Simone Gir\u00e3o, Ismael Granja, Tammy Lovett, Maria Carolina, Robson Moneiro e Suzana Santos. S\u00e1bado, 1\u00ba de junho a Simone Duarte e o Gustavo Whately aniversariam, no domingo, dia 2, a Hurla Garutti fica mais experiente e na segunda, dia 3, o Gabriel Moura, filho do H\u00e9lio e da Luciane Moura sopra tr\u00eas velinhas. Parab\u00e9ns e todas as felicidades do mundo a essa turma boa.<\/p>\n","protected":false},"excerpt":{"rendered":"<p>A for\u00e7a da identidade: a festa italiana de Porto Real Neste final de semana, Sexta, S\u00e1bado e Domingo se realiza em Porto Real a<\/p>\n","protected":false},"author":1,"featured_media":0,"comment_status":"open","ping_status":"open","sticky":false,"template":"","format":"standard","meta":{"pmpro_default_level":"","footnotes":""},"categories":[13],"tags":[],"class_list":["post-10180","post","type-post","status-publish","format-standard","hentry","category-social","pmpro-has-access"],"yoast_head":"<!-- This site is optimized with the Yoast SEO plugin v27.4 - https:\/\/yoast.com\/product\/yoast-seo-wordpress\/ -->\n<title>La\u00eds Amaral - JORNAL BEIRA RIO<\/title>\n<meta name=\"robots\" content=\"index, follow, max-snippet:-1, max-image-preview:large, max-video-preview:-1\" \/>\n<link rel=\"canonical\" href=\"https:\/\/jornalbeirario.com.br\/portal\/?p=10180\" \/>\n<meta property=\"og:locale\" content=\"pt_BR\" \/>\n<meta property=\"og:type\" content=\"article\" \/>\n<meta property=\"og:title\" content=\"La\u00eds Amaral - JORNAL BEIRA RIO\" \/>\n<meta property=\"og:description\" content=\"A for\u00e7a da identidade: a festa italiana de Porto Real Neste final de semana, Sexta, S\u00e1bado e Domingo se realiza em Porto Real a\" \/>\n<meta property=\"og:url\" content=\"https:\/\/jornalbeirario.com.br\/portal\/?p=10180\" \/>\n<meta property=\"og:site_name\" content=\"JORNAL BEIRA RIO\" \/>\n<meta property=\"article:published_time\" content=\"2013-05-31T13:19:52+00:00\" \/>\n<meta name=\"author\" content=\"Jornal BEIRA-RIO\" \/>\n<meta name=\"twitter:card\" content=\"summary_large_image\" \/>\n<meta name=\"twitter:label1\" content=\"Escrito por\" \/>\n\t<meta name=\"twitter:data1\" content=\"Jornal BEIRA-RIO\" \/>\n\t<meta name=\"twitter:label2\" content=\"Est. tempo de leitura\" \/>\n\t<meta name=\"twitter:data2\" content=\"4 minutos\" \/>\n<script type=\"application\/ld+json\" class=\"yoast-schema-graph\">{\"@context\":\"https:\\\/\\\/schema.org\",\"@graph\":[{\"@type\":\"Article\",\"@id\":\"https:\\\/\\\/jornalbeirario.com.br\\\/portal\\\/?p=10180#article\",\"isPartOf\":{\"@id\":\"https:\\\/\\\/jornalbeirario.com.br\\\/portal\\\/?p=10180\"},\"author\":{\"name\":\"Jornal BEIRA-RIO\",\"@id\":\"https:\\\/\\\/jornalbeirario.com.br\\\/portal\\\/#\\\/schema\\\/person\\\/c6c423e4c2465d2a9233f6539173e7c1\"},\"headline\":\"La\u00eds Amaral\",\"datePublished\":\"2013-05-31T13:19:52+00:00\",\"mainEntityOfPage\":{\"@id\":\"https:\\\/\\\/jornalbeirario.com.br\\\/portal\\\/?p=10180\"},\"wordCount\":899,\"commentCount\":0,\"publisher\":{\"@id\":\"https:\\\/\\\/jornalbeirario.com.br\\\/portal\\\/#organization\"},\"articleSection\":[\"Social\"],\"inLanguage\":\"pt-BR\",\"potentialAction\":[{\"@type\":\"CommentAction\",\"name\":\"Comment\",\"target\":[\"https:\\\/\\\/jornalbeirario.com.br\\\/portal\\\/?p=10180#respond\"]}]},{\"@type\":\"WebPage\",\"@id\":\"https:\\\/\\\/jornalbeirario.com.br\\\/portal\\\/?p=10180\",\"url\":\"https:\\\/\\\/jornalbeirario.com.br\\\/portal\\\/?p=10180\",\"name\":\"La\u00eds Amaral - JORNAL BEIRA RIO\",\"isPartOf\":{\"@id\":\"https:\\\/\\\/jornalbeirario.com.br\\\/portal\\\/#website\"},\"datePublished\":\"2013-05-31T13:19:52+00:00\",\"breadcrumb\":{\"@id\":\"https:\\\/\\\/jornalbeirario.com.br\\\/portal\\\/?p=10180#breadcrumb\"},\"inLanguage\":\"pt-BR\",\"potentialAction\":[{\"@type\":\"ReadAction\",\"target\":[\"https:\\\/\\\/jornalbeirario.com.br\\\/portal\\\/?p=10180\"]}]},{\"@type\":\"BreadcrumbList\",\"@id\":\"https:\\\/\\\/jornalbeirario.com.br\\\/portal\\\/?p=10180#breadcrumb\",\"itemListElement\":[{\"@type\":\"ListItem\",\"position\":1,\"name\":\"Home\",\"item\":\"https:\\\/\\\/jornalbeirario.com.br\\\/portal\"},{\"@type\":\"ListItem\",\"position\":2,\"name\":\"La\u00eds Amaral\"}]},{\"@type\":\"WebSite\",\"@id\":\"https:\\\/\\\/jornalbeirario.com.br\\\/portal\\\/#website\",\"url\":\"https:\\\/\\\/jornalbeirario.com.br\\\/portal\\\/\",\"name\":\"JORNAL BEIRA RIO\",\"description\":\"\",\"publisher\":{\"@id\":\"https:\\\/\\\/jornalbeirario.com.br\\\/portal\\\/#organization\"},\"potentialAction\":[{\"@type\":\"SearchAction\",\"target\":{\"@type\":\"EntryPoint\",\"urlTemplate\":\"https:\\\/\\\/jornalbeirario.com.br\\\/portal\\\/?s={search_term_string}\"},\"query-input\":{\"@type\":\"PropertyValueSpecification\",\"valueRequired\":true,\"valueName\":\"search_term_string\"}}],\"inLanguage\":\"pt-BR\"},{\"@type\":\"Organization\",\"@id\":\"https:\\\/\\\/jornalbeirario.com.br\\\/portal\\\/#organization\",\"name\":\"JORNAL BEIRA RIO\",\"url\":\"https:\\\/\\\/jornalbeirario.com.br\\\/portal\\\/\",\"logo\":{\"@type\":\"ImageObject\",\"inLanguage\":\"pt-BR\",\"@id\":\"https:\\\/\\\/jornalbeirario.com.br\\\/portal\\\/#\\\/schema\\\/logo\\\/image\\\/\",\"url\":\"https:\\\/\\\/jornalbeirario.com.br\\\/portal\\\/wp-content\\\/uploads\\\/2017\\\/09\\\/BEIRA-RIO_logo600.png\",\"contentUrl\":\"https:\\\/\\\/jornalbeirario.com.br\\\/portal\\\/wp-content\\\/uploads\\\/2017\\\/09\\\/BEIRA-RIO_logo600.png\",\"width\":650,\"height\":108,\"caption\":\"JORNAL BEIRA RIO\"},\"image\":{\"@id\":\"https:\\\/\\\/jornalbeirario.com.br\\\/portal\\\/#\\\/schema\\\/logo\\\/image\\\/\"}},{\"@type\":\"Person\",\"@id\":\"https:\\\/\\\/jornalbeirario.com.br\\\/portal\\\/#\\\/schema\\\/person\\\/c6c423e4c2465d2a9233f6539173e7c1\",\"name\":\"Jornal BEIRA-RIO\",\"image\":{\"@type\":\"ImageObject\",\"inLanguage\":\"pt-BR\",\"@id\":\"https:\\\/\\\/jornalbeirario.com.br\\\/portal\\\/wp-content\\\/uploads\\\/2023\\\/10\\\/logojbr1.jpg\",\"url\":\"https:\\\/\\\/jornalbeirario.com.br\\\/portal\\\/wp-content\\\/uploads\\\/2023\\\/10\\\/logojbr1.jpg\",\"contentUrl\":\"https:\\\/\\\/jornalbeirario.com.br\\\/portal\\\/wp-content\\\/uploads\\\/2023\\\/10\\\/logojbr1.jpg\",\"caption\":\"Jornal BEIRA-RIO\"},\"url\":\"https:\\\/\\\/jornalbeirario.com.br\\\/portal\\\/?author=1\"}]}<\/script>\n<!-- \/ Yoast SEO plugin. -->","yoast_head_json":{"title":"La\u00eds Amaral - JORNAL BEIRA RIO","robots":{"index":"index","follow":"follow","max-snippet":"max-snippet:-1","max-image-preview":"max-image-preview:large","max-video-preview":"max-video-preview:-1"},"canonical":"https:\/\/jornalbeirario.com.br\/portal\/?p=10180","og_locale":"pt_BR","og_type":"article","og_title":"La\u00eds Amaral - JORNAL BEIRA RIO","og_description":"A for\u00e7a da identidade: a festa italiana de Porto Real Neste final de semana, Sexta, S\u00e1bado e Domingo se realiza em Porto Real a","og_url":"https:\/\/jornalbeirario.com.br\/portal\/?p=10180","og_site_name":"JORNAL BEIRA RIO","article_published_time":"2013-05-31T13:19:52+00:00","author":"Jornal BEIRA-RIO","twitter_card":"summary_large_image","twitter_misc":{"Escrito por":"Jornal BEIRA-RIO","Est. tempo de leitura":"4 minutos"},"schema":{"@context":"https:\/\/schema.org","@graph":[{"@type":"Article","@id":"https:\/\/jornalbeirario.com.br\/portal\/?p=10180#article","isPartOf":{"@id":"https:\/\/jornalbeirario.com.br\/portal\/?p=10180"},"author":{"name":"Jornal BEIRA-RIO","@id":"https:\/\/jornalbeirario.com.br\/portal\/#\/schema\/person\/c6c423e4c2465d2a9233f6539173e7c1"},"headline":"La\u00eds Amaral","datePublished":"2013-05-31T13:19:52+00:00","mainEntityOfPage":{"@id":"https:\/\/jornalbeirario.com.br\/portal\/?p=10180"},"wordCount":899,"commentCount":0,"publisher":{"@id":"https:\/\/jornalbeirario.com.br\/portal\/#organization"},"articleSection":["Social"],"inLanguage":"pt-BR","potentialAction":[{"@type":"CommentAction","name":"Comment","target":["https:\/\/jornalbeirario.com.br\/portal\/?p=10180#respond"]}]},{"@type":"WebPage","@id":"https:\/\/jornalbeirario.com.br\/portal\/?p=10180","url":"https:\/\/jornalbeirario.com.br\/portal\/?p=10180","name":"La\u00eds Amaral - JORNAL BEIRA RIO","isPartOf":{"@id":"https:\/\/jornalbeirario.com.br\/portal\/#website"},"datePublished":"2013-05-31T13:19:52+00:00","breadcrumb":{"@id":"https:\/\/jornalbeirario.com.br\/portal\/?p=10180#breadcrumb"},"inLanguage":"pt-BR","potentialAction":[{"@type":"ReadAction","target":["https:\/\/jornalbeirario.com.br\/portal\/?p=10180"]}]},{"@type":"BreadcrumbList","@id":"https:\/\/jornalbeirario.com.br\/portal\/?p=10180#breadcrumb","itemListElement":[{"@type":"ListItem","position":1,"name":"Home","item":"https:\/\/jornalbeirario.com.br\/portal"},{"@type":"ListItem","position":2,"name":"La\u00eds Amaral"}]},{"@type":"WebSite","@id":"https:\/\/jornalbeirario.com.br\/portal\/#website","url":"https:\/\/jornalbeirario.com.br\/portal\/","name":"JORNAL BEIRA RIO","description":"","publisher":{"@id":"https:\/\/jornalbeirario.com.br\/portal\/#organization"},"potentialAction":[{"@type":"SearchAction","target":{"@type":"EntryPoint","urlTemplate":"https:\/\/jornalbeirario.com.br\/portal\/?s={search_term_string}"},"query-input":{"@type":"PropertyValueSpecification","valueRequired":true,"valueName":"search_term_string"}}],"inLanguage":"pt-BR"},{"@type":"Organization","@id":"https:\/\/jornalbeirario.com.br\/portal\/#organization","name":"JORNAL BEIRA RIO","url":"https:\/\/jornalbeirario.com.br\/portal\/","logo":{"@type":"ImageObject","inLanguage":"pt-BR","@id":"https:\/\/jornalbeirario.com.br\/portal\/#\/schema\/logo\/image\/","url":"https:\/\/jornalbeirario.com.br\/portal\/wp-content\/uploads\/2017\/09\/BEIRA-RIO_logo600.png","contentUrl":"https:\/\/jornalbeirario.com.br\/portal\/wp-content\/uploads\/2017\/09\/BEIRA-RIO_logo600.png","width":650,"height":108,"caption":"JORNAL BEIRA RIO"},"image":{"@id":"https:\/\/jornalbeirario.com.br\/portal\/#\/schema\/logo\/image\/"}},{"@type":"Person","@id":"https:\/\/jornalbeirario.com.br\/portal\/#\/schema\/person\/c6c423e4c2465d2a9233f6539173e7c1","name":"Jornal BEIRA-RIO","image":{"@type":"ImageObject","inLanguage":"pt-BR","@id":"https:\/\/jornalbeirario.com.br\/portal\/wp-content\/uploads\/2023\/10\/logojbr1.jpg","url":"https:\/\/jornalbeirario.com.br\/portal\/wp-content\/uploads\/2023\/10\/logojbr1.jpg","contentUrl":"https:\/\/jornalbeirario.com.br\/portal\/wp-content\/uploads\/2023\/10\/logojbr1.jpg","caption":"Jornal BEIRA-RIO"},"url":"https:\/\/jornalbeirario.com.br\/portal\/?author=1"}]}},"_links":{"self":[{"href":"https:\/\/jornalbeirario.com.br\/portal\/index.php?rest_route=\/wp\/v2\/posts\/10180","targetHints":{"allow":["GET"]}}],"collection":[{"href":"https:\/\/jornalbeirario.com.br\/portal\/index.php?rest_route=\/wp\/v2\/posts"}],"about":[{"href":"https:\/\/jornalbeirario.com.br\/portal\/index.php?rest_route=\/wp\/v2\/types\/post"}],"author":[{"embeddable":true,"href":"https:\/\/jornalbeirario.com.br\/portal\/index.php?rest_route=\/wp\/v2\/users\/1"}],"replies":[{"embeddable":true,"href":"https:\/\/jornalbeirario.com.br\/portal\/index.php?rest_route=%2Fwp%2Fv2%2Fcomments&post=10180"}],"version-history":[{"count":1,"href":"https:\/\/jornalbeirario.com.br\/portal\/index.php?rest_route=\/wp\/v2\/posts\/10180\/revisions"}],"predecessor-version":[{"id":10181,"href":"https:\/\/jornalbeirario.com.br\/portal\/index.php?rest_route=\/wp\/v2\/posts\/10180\/revisions\/10181"}],"wp:attachment":[{"href":"https:\/\/jornalbeirario.com.br\/portal\/index.php?rest_route=%2Fwp%2Fv2%2Fmedia&parent=10180"}],"wp:term":[{"taxonomy":"category","embeddable":true,"href":"https:\/\/jornalbeirario.com.br\/portal\/index.php?rest_route=%2Fwp%2Fv2%2Fcategories&post=10180"},{"taxonomy":"post_tag","embeddable":true,"href":"https:\/\/jornalbeirario.com.br\/portal\/index.php?rest_route=%2Fwp%2Fv2%2Ftags&post=10180"}],"curies":[{"name":"wp","href":"https:\/\/api.w.org\/{rel}","templated":true}]}}